{"id":42526,"date":"2023-09-04T17:39:00","date_gmt":"2023-09-04T20:39:00","guid":{"rendered":"https:\/\/www.radiopresidenteibanez.cl\/web\/?p=42526"},"modified":"2023-09-03T22:41:58","modified_gmt":"2023-09-04T01:41:58","slug":"talleres-gratuitos-de-pre-ingenieria-umag-para-alumnos-de-ensenanza-media-tuvo-alta-convocatoria","status":"publish","type":"post","link":"https:\/\/www.radiopresidenteibanez.cl\/web\/talleres-gratuitos-de-pre-ingenieria-umag-para-alumnos-de-ensenanza-media-tuvo-alta-convocatoria\/","title":{"rendered":"TALLERES GRATUITOS DE PRE-INGENIERIA UMAG PARA ALUMNOS DE ENSE\u00d1ANZA MEDIA TUVO ALTA CONVOCATORIA"},"content":{"rendered":"\n<p>Como todo un \u00e9xito fue catalogada la convocatoria al Programa de Inducci\u00f3n y Atracci\u00f3n de Talentos, proyecto de la Facultad de Ingenier\u00eda de la Universidad de Magallanes (UMAG) para estudiantes de ense\u00f1anza media que participar\u00e1n durante estos meses en los talleres de Pre-Ingenier\u00eda 2023.<\/p>\n\n\n\n<p>En una charla de inducci\u00f3n realizada en el auditorio Ernesto Livacic, que cont\u00f3 con las presentaciones del Decanato de la Facultad de Ingenier\u00eda y los departamentos de Ing. en Construcci\u00f3n, Ing. en Electricidad y Arquitectura, padres, apoderados y estudiantes pudieron conocer sobre la din\u00e1mica de estos talleres, totalmente gratuitos.<\/p>\n\n\n\n<p>La instancia busca incentivar la curiosidad y el saber cient\u00edfico en \u00e1reas de las ciencias de la Ingenier\u00eda, a trav\u00e9s de experiencias l\u00fadicas y de indagaci\u00f3n. En su primera versi\u00f3n, los talleres se focalizaron en estudiantes de 2\u00b0 medio de Punta Arenas, para profundizar en sus habilidades y conocimientos matem\u00e1ticos y cient\u00edficos. Debido a la alta demanda de esta primera convocatoria, se espera abrir la experiencia a alumnos de 3\u00b0 y 4\u00b0 medio durante el pr\u00f3ximo a\u00f1o.<\/p>\n\n\n\n<p>Con un total de doce clases, los estudiantes conocer\u00e1n sobre t\u00f3picos del \u00e1rea, tales como energ\u00edas renovables, combustibles f\u00f3siles, din\u00e1micas de la arquitectura y fortalecimiento matem\u00e1tico. Los talleres tambi\u00e9n incluyen salidas a terreno.<\/p>\n\n\n\n<p>\u201cDentro del proyecto de fortalecimiento institucional de Ingenier\u00eda UMAG se opt\u00f3 por este programa enfocado a la ense\u00f1anza media. Nuestro objetivo es hacer una contribuci\u00f3n a la comunidad, que fortalezcan sus capacidades y que opten en un futuro cercano, por las carreras que ofrece nuestra universidad\u201d, explic\u00f3 Carolina Hern\u00e1ndez, responsable del programa de Inducci\u00f3n y Atracci\u00f3n de Talentos de la Facultad.<\/p>\n\n\n\n<p>Gonzalo Mansilla, ingeniero civil qu\u00edmico, Mg. en Ciencia Ant\u00e1rtica menci\u00f3n Glaciolog\u00eda y profesor tutor de los talleres, expres\u00f3 que \u201cla idea es poder brindar el material, el conocimiento, la teor\u00eda y la experiencia pr\u00e1ctica de c\u00f3mo es la ingenier\u00eda no solo dentro del aula, sino dentro del campo y de la pr\u00e1ctica. Buscamos que los estudiantes desarrollen sus capacidades no solo en estas \u00e1reas, sino a nivel general\u201d.<\/p>\n\n\n\n<p>Geraldine P\u00e9rez, madre de Benjam\u00edn Leiva, alumno de 2\u00b0 medio del Liceo Contardi, agradeci\u00f3 la actividad comentando que \u201cme parece una idea genial. Hac\u00eda falta esta motivaci\u00f3n para que el estudiante tenga un acceso m\u00e1s ameno a la universidad y pierda los miedos asociados a entrar a una instituci\u00f3n de este tipo, suaviza esa tensi\u00f3n. Ojal\u00e1 este tipo de iniciativas no pare y se pueda replicar en los pr\u00f3ximos a\u00f1os\u201d.<\/p>\n","protected":false},"excerpt":{"rendered":"<p>Como todo un \u00e9xito fue catalogada la convocatoria al Programa de Inducci\u00f3n y Atracci\u00f3n de Talentos, proyecto de la Facultad de Ingenier\u00eda de la Universidad de Magallanes (UMAG) para estudiantes&#8230; <a class=\"read-more\" href=\"https:\/\/www.radiopresidenteibanez.cl\/web\/talleres-gratuitos-de-pre-ingenieria-umag-para-alumnos-de-ensenanza-media-tuvo-alta-convocatoria\/\">Leer m\u00e1s<\/a><\/p>\n","protected":false},"author":2,"featured_media":42527,"comment_status":"closed","ping_status":"closed","sticky":false,"template":"","format":"standard","meta":{"footnotes":""},"categories":[1],"tags":[],"class_list":["post-42526","post","type-post","status-publish","format-standard","has-post-thumbnail","hentry","category-cronica"],"_links":{"self":[{"href":"https:\/\/www.radiopresidenteibanez.cl\/web\/wp-json\/wp\/v2\/posts\/42526","targetHints":{"allow":["GET"]}}],"collection":[{"href":"https:\/\/www.radiopresidenteibanez.cl\/web\/wp-json\/wp\/v2\/posts"}],"about":[{"href":"https:\/\/www.radiopresidenteibanez.cl\/web\/wp-json\/wp\/v2\/types\/post"}],"author":[{"embeddable":true,"href":"https:\/\/www.radiopresidenteibanez.cl\/web\/wp-json\/wp\/v2\/users\/2"}],"replies":[{"embeddable":true,"href":"https:\/\/www.radiopresidenteibanez.cl\/web\/wp-json\/wp\/v2\/comments?post=42526"}],"version-history":[{"count":0,"href":"https:\/\/www.radiopresidenteibanez.cl\/web\/wp-json\/wp\/v2\/posts\/42526\/revisions"}],"wp:featuredmedia":[{"embeddable":true,"href":"https:\/\/www.radiopresidenteibanez.cl\/web\/wp-json\/wp\/v2\/media\/42527"}],"wp:attachment":[{"href":"https:\/\/www.radiopresidenteibanez.cl\/web\/wp-json\/wp\/v2\/media?parent=42526"}],"wp:term":[{"taxonomy":"category","embeddable":true,"href":"https:\/\/www.radiopresidenteibanez.cl\/web\/wp-json\/wp\/v2\/categories?post=42526"},{"taxonomy":"post_tag","embeddable":true,"href":"https:\/\/www.radiopresidenteibanez.cl\/web\/wp-json\/wp\/v2\/tags?post=42526"}],"curies":[{"name":"wp","href":"https:\/\/api.w.org\/{rel}","templated":true}]}}