{"id":42523,"date":"2023-09-04T16:29:00","date_gmt":"2023-09-04T19:29:00","guid":{"rendered":"https:\/\/www.radiopresidenteibanez.cl\/web\/?p=42523"},"modified":"2023-09-03T22:31:25","modified_gmt":"2023-09-04T01:31:25","slug":"slep-magallanes-y-sernameg-abordan-agenda-de-trabajo-en-conjunto","status":"publish","type":"post","link":"https:\/\/www.radiopresidenteibanez.cl\/web\/slep-magallanes-y-sernameg-abordan-agenda-de-trabajo-en-conjunto\/","title":{"rendered":"SLEP MAGALLANES Y SERNAMEG ABORDAN AGENDA DE TRABAJO EN CONJUNTO"},"content":{"rendered":"\n<p>Para abordar un trabajo en conjunto que permita impulsar la incorporaci\u00f3n de la perspectiva de<br>g\u00e9nero en las pol\u00edticas, planes y programas del Servicio Local de Educaci\u00f3n P\u00fablica Magallanes, se<br>reunieron la directora regional del Servicio Nacional de la Mujer y la Equidad de G\u00e9nero<br>Magallanes, SernamEG, Fabiola Garc\u00eda Pinto y el director ejecutivo del SLEP Magallanes, Mario<br>Garc\u00eda Mart\u00ednez.<br>El objetivo del encuentro fue acordar una agenda de trabajo que permita avanzar en la<br>construcci\u00f3n de una educaci\u00f3n m\u00e1s inclusiva y equitativa en la cual las comunidades educativas y<br>sus integrantes reconozcan y otorguen igual valor a las capacidades y habilidades de ni\u00f1os, ni\u00f1as y<br>adolescentes, en los distintos niveles educativos.<br>\u201cAgradecemos la posibilidad de reunirnos con el director del SLEP para revisar una agenda de<br>trabajo conjunto para el a\u00f1o 2024 en lo que se refiere el trabajo con los establecimientos<br>educacionales. En ese sentido, le presentamos nuestra l\u00ednea program\u00e1tica y c\u00f3mo podr\u00edamos<br>abordar el trabajo e intervenci\u00f3n que realiza SernamEG con ni\u00f1os, ni\u00f1as y adolescentes al interior<br>de las escuelas y liceos. Para esto, vamos a trabajar directamente con el equipo t\u00e9cnico del SLEP<br>para traspasar nuestros apoyos y c\u00f3mo concretaremos estas alianzas de trabajo en favor de ni\u00f1as,<br>ni\u00f1os y adolescentes de establecimientos p\u00fablicos de la regi\u00f3n\u201d, se\u00f1al\u00f3 Fabiola Garc\u00eda Pinto,<br>directora regional de SernamEG Magallanes.<br>Ambas autoridades tambi\u00e9n acordaron tambi\u00e9n la suscripci\u00f3n de un convenio para seguir<br>desarrollando el programa \u201cde 4 a 7\u201d, cuyo objetivo es permitir que las mujeres responsables de<br>ni\u00f1os y ni\u00f1as de 6 a 13 a\u00f1os puedan acceder al cuidado que provee el programa, apoyando de esta<br>manera su participaci\u00f3n en el mercado laboral. En estos espacios seguros, ni\u00f1as, ni\u00f1os y<br>adolescentes cuentan con reforzamiento educativo, adem\u00e1s de estar cuidados, jugando y<br>desarrollando otras habilidades en establecimientos habilitados y con personal especializado a<br>cargo.<br>Como lo destac\u00f3 el director ejecutivo del Servicio Local de Educaci\u00f3n P\u00fablica de Magallanes,<br>Mario Garc\u00eda Mart\u00ednez, \u201cNuestro SLEP es consciente de la necesidad de avanzar en materia de<br>equidad de g\u00e9nero e igualdad de oportunidades, por lo que dispondremos de toda nuestra<br>capacidad para crear las acciones a nivel institucional que asegurar a las comunidades educativas<br>una educaci\u00f3n inclusiva y equitativa. En ese sentido, esperamos suscribir un convenio que<\/p>\n\n\n\n<p>&nbsp; SlepMagallanes&nbsp; &nbsp; &nbsp; &nbsp;&nbsp; @edu__magallanes&nbsp; &nbsp;&nbsp; https:\/\/slepmagallanes.cl\/<br>permitir\u00e1, adicionalmente a lo que se hace en cada establecimiento educacional, entregar a ni\u00f1as<br>y ni\u00f1os estas oportunidades que est\u00e1n consideradas dentro del apoyo de SernamEG.\u201d<br>SernamEG tambi\u00e9n apoyar\u00e1 con su oferta program\u00e1tica, mediante la transferencia de<br>competencias en materia de equidad de g\u00e9nero al Servicio Local, con la finalidad de incorporar<br>pr\u00e1cticas y metodolog\u00edas para la incorporaci\u00f3n del enfoque de g\u00e9nero en los instrumentos de<br>gesti\u00f3n.<\/p>\n","protected":false},"excerpt":{"rendered":"<p>Para abordar un trabajo en conjunto que permita impulsar la incorporaci\u00f3n de la perspectiva deg\u00e9nero en las pol\u00edticas, planes y programas del Servicio Local de Educaci\u00f3n P\u00fablica Magallanes, sereunieron la&#8230; <a class=\"read-more\" href=\"https:\/\/www.radiopresidenteibanez.cl\/web\/slep-magallanes-y-sernameg-abordan-agenda-de-trabajo-en-conjunto\/\">Leer m\u00e1s<\/a><\/p>\n","protected":false},"author":2,"featured_media":42524,"comment_status":"closed","ping_status":"closed","sticky":false,"template":"","format":"standard","meta":{"footnotes":""},"categories":[1],"tags":[],"class_list":["post-42523","post","type-post","status-publish","format-standard","has-post-thumbnail","hentry","category-cronica"],"_links":{"self":[{"href":"https:\/\/www.radiopresidenteibanez.cl\/web\/wp-json\/wp\/v2\/posts\/42523","targetHints":{"allow":["GET"]}}],"collection":[{"href":"https:\/\/www.radiopresidenteibanez.cl\/web\/wp-json\/wp\/v2\/posts"}],"about":[{"href":"https:\/\/www.radiopresidenteibanez.cl\/web\/wp-json\/wp\/v2\/types\/post"}],"author":[{"embeddable":true,"href":"https:\/\/www.radiopresidenteibanez.cl\/web\/wp-json\/wp\/v2\/users\/2"}],"replies":[{"embeddable":true,"href":"https:\/\/www.radiopresidenteibanez.cl\/web\/wp-json\/wp\/v2\/comments?post=42523"}],"version-history":[{"count":0,"href":"https:\/\/www.radiopresidenteibanez.cl\/web\/wp-json\/wp\/v2\/posts\/42523\/revisions"}],"wp:featuredmedia":[{"embeddable":true,"href":"https:\/\/www.radiopresidenteibanez.cl\/web\/wp-json\/wp\/v2\/media\/42524"}],"wp:attachment":[{"href":"https:\/\/www.radiopresidenteibanez.cl\/web\/wp-json\/wp\/v2\/media?parent=42523"}],"wp:term":[{"taxonomy":"category","embeddable":true,"href":"https:\/\/www.radiopresidenteibanez.cl\/web\/wp-json\/wp\/v2\/categories?post=42523"},{"taxonomy":"post_tag","embeddable":true,"href":"https:\/\/www.radiopresidenteibanez.cl\/web\/wp-json\/wp\/v2\/tags?post=42523"}],"curies":[{"name":"wp","href":"https:\/\/api.w.org\/{rel}","templated":true}]}}