{"id":42520,"date":"2023-09-04T15:07:00","date_gmt":"2023-09-04T18:07:00","guid":{"rendered":"https:\/\/www.radiopresidenteibanez.cl\/web\/?p=42520"},"modified":"2023-09-03T22:25:47","modified_gmt":"2023-09-04T01:25:47","slug":"seremi-de-salud-de-magallanes-suscribe-con-mall-espacio-urbano-acuerdo-de-fortalecimiento-y-difusion-de-la-salud-mental","status":"publish","type":"post","link":"https:\/\/www.radiopresidenteibanez.cl\/web\/seremi-de-salud-de-magallanes-suscribe-con-mall-espacio-urbano-acuerdo-de-fortalecimiento-y-difusion-de-la-salud-mental\/","title":{"rendered":"SEREMI DE SALUD DE MAGALLANES SUSCRIBE CON MALL ESPACIO URBANO ACUERDO DE FORTALECIMIENTO Y DIFUSION DE LA SALUD MENTAL"},"content":{"rendered":"\n<p>En el marco de la Estrategia \u201cConstruyendo Salud Mental\u201d que impulsa el Gobierno del Presidente Gabriel Boric&nbsp; y con el objetivo de potenciar la&nbsp; l\u00ednea telef\u00f3nica de Prevenci\u00f3n del Suicidio *4141 \u201cNo Estas Solo, No Estas Sola\u201d, la Seremi de Salud, Francisca Sanfuentes y la Center Manager de Mall Espacio Urbano Pionero, Ecmar Rada, firmaron un acuerdo de cooperaci\u00f3n para fortalecer las diversas iniciativas que se desarrollen en este \u00e1mbito en beneficio de los usuarios y de los trabajadores de este centro comercial.<\/p>\n\n\n\n<p>Este acuerdo suscrito, con participaci\u00f3n de la mesa intersectorial de Prevenci\u00f3n de Suicidio, es parte de las acciones que se han desarrollado a partir de junio pasado, en el cual la Subsecretaria de Salud P\u00fablica, Andrea Albagli, junto autoridades y representantes del sector privado firmaron un Compromiso Regional por la Salud Mental en Magallanes.<\/p>\n\n\n\n<p>La Seremi de Salud, Francisca Sanfuentes, explic\u00f3 que \u201ceste acuerdo responde a la l\u00ednea de trabajo prioritaria para nuestro Ministerio de Salud y para el Gobierno en general, y tiene que ver con la colaboraci\u00f3n de las distintas entidades, tanto de los servicios p\u00fablicos como de instituciones y empresas privadas, espec\u00edficamente en este caso, en acordar distintas estrategias para la prevenci\u00f3n del suicidio\u201d.<\/p>\n\n\n\n<p>A su vez, agreg\u00f3 que tiene relaci\u00f3n con la educaci\u00f3n a la comunidad, la capacitaci\u00f3n de los propios funcionarios de los distintos espacios laborales, y con el fortalecimiento del uso de esta nueva herramienta que tenemos que es la l\u00ednea *4141 de atenci\u00f3n para personas de ideaci\u00f3n suicida.<\/p>\n\n\n\n<p>Maribel Bustos, encargada de Salud Mental de la Seremi, explic\u00f3 que este es un compromiso que se establece con el sector empresarial para poder brindar los espacios para las acciones de difusi\u00f3n y de promoci\u00f3n, sobre todo en lo que tiene que ver con la tem\u00e1tica de prevenci\u00f3n de suicidios. \u201cContar con espacios de difusi\u00f3n en un lugar que es visitado por toda la comunidad y por distintas personas, por grupos familiares, es una manera tambi\u00e9n de prevenir, porque invita a las personas a conversar y a dejar que el tema suicidio deje de ser un tab\u00fa y de que las personas tambi\u00e9n se atrevan a conversarlo, sobre todo, con los hijos y con la familia\u201d.<\/p>\n\n\n\n<p>Agrego, que esta cooperaci\u00f3n ya tuvo sus primeras acciones a trav\u00e9s de la entrega de material de difusi\u00f3n y la reciente formaci\u00f3n de los primeros 15 trabajadores del Mall Espacio Urbano Pionero como facilitadores Comunitarios en Prevenci\u00f3n de Suicidio, quienes recibieron herramientas y conceptos claves para entregar una primera ayuda psicol\u00f3gica al enfrentar situaciones de crisis con clientes o con los propios compa\u00f1eros de labores.<\/p>\n","protected":false},"excerpt":{"rendered":"<p>En el marco de la Estrategia \u201cConstruyendo Salud Mental\u201d que impulsa el Gobierno del Presidente Gabriel Boric&nbsp; y con el objetivo de potenciar la&nbsp; l\u00ednea telef\u00f3nica de Prevenci\u00f3n del Suicidio&#8230; <a class=\"read-more\" href=\"https:\/\/www.radiopresidenteibanez.cl\/web\/seremi-de-salud-de-magallanes-suscribe-con-mall-espacio-urbano-acuerdo-de-fortalecimiento-y-difusion-de-la-salud-mental\/\">Leer m\u00e1s<\/a><\/p>\n","protected":false},"author":2,"featured_media":42521,"comment_status":"closed","ping_status":"closed","sticky":false,"template":"","format":"standard","meta":{"footnotes":""},"categories":[1],"tags":[],"class_list":["post-42520","post","type-post","status-publish","format-standard","has-post-thumbnail","hentry","category-cronica"],"_links":{"self":[{"href":"https:\/\/www.radiopresidenteibanez.cl\/web\/wp-json\/wp\/v2\/posts\/42520","targetHints":{"allow":["GET"]}}],"collection":[{"href":"https:\/\/www.radiopresidenteibanez.cl\/web\/wp-json\/wp\/v2\/posts"}],"about":[{"href":"https:\/\/www.radiopresidenteibanez.cl\/web\/wp-json\/wp\/v2\/types\/post"}],"author":[{"embeddable":true,"href":"https:\/\/www.radiopresidenteibanez.cl\/web\/wp-json\/wp\/v2\/users\/2"}],"replies":[{"embeddable":true,"href":"https:\/\/www.radiopresidenteibanez.cl\/web\/wp-json\/wp\/v2\/comments?post=42520"}],"version-history":[{"count":0,"href":"https:\/\/www.radiopresidenteibanez.cl\/web\/wp-json\/wp\/v2\/posts\/42520\/revisions"}],"wp:featuredmedia":[{"embeddable":true,"href":"https:\/\/www.radiopresidenteibanez.cl\/web\/wp-json\/wp\/v2\/media\/42521"}],"wp:attachment":[{"href":"https:\/\/www.radiopresidenteibanez.cl\/web\/wp-json\/wp\/v2\/media?parent=42520"}],"wp:term":[{"taxonomy":"category","embeddable":true,"href":"https:\/\/www.radiopresidenteibanez.cl\/web\/wp-json\/wp\/v2\/categories?post=42520"},{"taxonomy":"post_tag","embeddable":true,"href":"https:\/\/www.radiopresidenteibanez.cl\/web\/wp-json\/wp\/v2\/tags?post=42520"}],"curies":[{"name":"wp","href":"https:\/\/api.w.org\/{rel}","templated":true}]}}