{"id":42517,"date":"2023-09-04T13:47:00","date_gmt":"2023-09-04T16:47:00","guid":{"rendered":"https:\/\/www.radiopresidenteibanez.cl\/web\/?p=42517"},"modified":"2023-09-03T22:21:17","modified_gmt":"2023-09-04T01:21:17","slug":"kusanovic-acusa-perjuicios-a-la-soberania-nacional-y-exige-al-gobierno-explicaciones-por-no-publicar-a-tiempo-reglamentos-que-ordena-estatuto-chileno-antartico","status":"publish","type":"post","link":"https:\/\/www.radiopresidenteibanez.cl\/web\/kusanovic-acusa-perjuicios-a-la-soberania-nacional-y-exige-al-gobierno-explicaciones-por-no-publicar-a-tiempo-reglamentos-que-ordena-estatuto-chileno-antartico\/","title":{"rendered":"KUSANOVIC ACUSA PERJUICIOS A LA SOBERANIA NACIONAL Y EXIGE AL GOBIERNO EXPLICACIONES POR NO PUBLICAR A TIEMPO REGLAMENTOS QUE ORDENA ESTATUTO CHILENO ANTARTICO"},"content":{"rendered":"\n<p>Tres a\u00f1os han trascurrido desde que se public\u00f3 el Estatuto Chileno Ant\u00e1rtico, cuerpo legal muy<br>esperado y que, tras 6 a\u00f1os de discusi\u00f3n en el Congreso Nacional, tiene por objeto primordial el<br>proteger y fortalecer los derechos soberanos ant\u00e1rticos de Chile, adecuando nuestra legislaci\u00f3n al<br>Tratado Ant\u00e1rtico de 1959 y a los compromisos internacionales suscritos sobre la materia.<br>Dicho Estatuto, fij\u00f3 un plazo de dos a\u00f1os contados desde su entrada en vigencia (marzo de 2021),<br>para que los Ministerios de Relaciones Exteriores, Medio Ambiente, Defensa Nacional, de<br>Econom\u00eda y del Interior, elaboren y suscriban los reglamentos que permitan poner en marcha el<br>Estatuto Ant\u00e1rtico y materializar la gobernanza en el territorio ant\u00e1rtico. Sin embargo, el senador<br>por Magallanes, Alejandro Kusanovic, acuso que \u201ca la fecha el Gobierno no ha dictado los<br>reglamentos necesarios para hechar andar el estatuto, los que se deber\u00edan haber publicado en el<br>mes de marzo de este a\u00f1o. Esto es un mandato de la ley, no es un favor, estamos en agosto y aun<br>no se publican.<br>As\u00ed por ejemplo, el parlamentario destaco que \u201cdentro de los reglamentos pendientes, est\u00e1n los<br>que organizan el funcionamiento de los Comit\u00e9s Nacionales Ant\u00e1rticos, lo mismo con el<br>reglamento para las actividades ant\u00e1rticas que requieren autorizaci\u00f3n previa o el que pone en<br>funcionamiento el Comit\u00e9 Operativo para la Evaluaci\u00f3n Ambiental, \u00f3rgano encargado de evaluar el<br>impacto ambiental y certificar que las actividades y los proyectos cumplan los requisitos<br>medioambientales, lo que tambi\u00e9n est\u00e1 pendiente. Con los evidentes riesgos para la gobernanza y<br>la protecci\u00f3n del territorio ant\u00e1rtico chileno.\u201d<br>Frente a esta situaci\u00f3n, el parlamentario se encarg\u00f3 de oficiar a cada uno de los ministerios<br>responsables que no han cumplido con su obligaci\u00f3n, pidiendo cuenta y exigiendo la<br>responsabilidades del caso, solicitando en el texto, poner todos sus esfuerzos para dar efectividad<br>a las disposiciones del Estatuto Chileno Ant\u00e1rtico, calificando esta situaci\u00f3n como \u201cuna omisi\u00f3n<br>grave e inexcusable, que corona una tendencia imperante en el Estado chileno respecto de las<br>zonas extremas y de la Ant\u00e1rtica Chilena en particular. La pol\u00edtica ant\u00e1rtica chilena no es m\u00e1s que<br>una pol\u00edtica de prestigio, de titulares y de fotos, que juega al solitario, elude las obligaciones<br>hist\u00f3ricas y carece de una visi\u00f3n estrat\u00e9gica\u201d apunto.<br>Finalmente, Kusanovic reclamo que \u201ceste incumplimiento, no solo genera un retraso evidente en<br>la implementaci\u00f3n y ejecuci\u00f3n del Estatuto Chileno Ant\u00e1rtico, afectando la conformaci\u00f3n y<br>funcionamiento de los \u00f3rganos que le dar\u00e1n cuerpo, protecci\u00f3n y direcci\u00f3n a la pol\u00edtica ant\u00e1rtica,<br>sino que tambi\u00e9n supone un freno evidente a la acci\u00f3n soberana de Chile en el continente<br>blanco\u201d.<\/p>\n","protected":false},"excerpt":{"rendered":"<p>Tres a\u00f1os han trascurrido desde que se public\u00f3 el Estatuto Chileno Ant\u00e1rtico, cuerpo legal muyesperado y que, tras 6 a\u00f1os de discusi\u00f3n en el Congreso Nacional, tiene por objeto primordial&#8230; <a class=\"read-more\" href=\"https:\/\/www.radiopresidenteibanez.cl\/web\/kusanovic-acusa-perjuicios-a-la-soberania-nacional-y-exige-al-gobierno-explicaciones-por-no-publicar-a-tiempo-reglamentos-que-ordena-estatuto-chileno-antartico\/\">Leer m\u00e1s<\/a><\/p>\n","protected":false},"author":2,"featured_media":42518,"comment_status":"closed","ping_status":"closed","sticky":false,"template":"","format":"standard","meta":{"footnotes":""},"categories":[1],"tags":[],"class_list":["post-42517","post","type-post","status-publish","format-standard","has-post-thumbnail","hentry","category-cronica"],"_links":{"self":[{"href":"https:\/\/www.radiopresidenteibanez.cl\/web\/wp-json\/wp\/v2\/posts\/42517","targetHints":{"allow":["GET"]}}],"collection":[{"href":"https:\/\/www.radiopresidenteibanez.cl\/web\/wp-json\/wp\/v2\/posts"}],"about":[{"href":"https:\/\/www.radiopresidenteibanez.cl\/web\/wp-json\/wp\/v2\/types\/post"}],"author":[{"embeddable":true,"href":"https:\/\/www.radiopresidenteibanez.cl\/web\/wp-json\/wp\/v2\/users\/2"}],"replies":[{"embeddable":true,"href":"https:\/\/www.radiopresidenteibanez.cl\/web\/wp-json\/wp\/v2\/comments?post=42517"}],"version-history":[{"count":0,"href":"https:\/\/www.radiopresidenteibanez.cl\/web\/wp-json\/wp\/v2\/posts\/42517\/revisions"}],"wp:featuredmedia":[{"embeddable":true,"href":"https:\/\/www.radiopresidenteibanez.cl\/web\/wp-json\/wp\/v2\/media\/42518"}],"wp:attachment":[{"href":"https:\/\/www.radiopresidenteibanez.cl\/web\/wp-json\/wp\/v2\/media?parent=42517"}],"wp:term":[{"taxonomy":"category","embeddable":true,"href":"https:\/\/www.radiopresidenteibanez.cl\/web\/wp-json\/wp\/v2\/categories?post=42517"},{"taxonomy":"post_tag","embeddable":true,"href":"https:\/\/www.radiopresidenteibanez.cl\/web\/wp-json\/wp\/v2\/tags?post=42517"}],"curies":[{"name":"wp","href":"https:\/\/api.w.org\/{rel}","templated":true}]}}