{"id":42514,"date":"2023-09-04T12:17:00","date_gmt":"2023-09-04T15:17:00","guid":{"rendered":"https:\/\/www.radiopresidenteibanez.cl\/web\/?p=42514"},"modified":"2023-09-03T21:44:52","modified_gmt":"2023-09-04T00:44:52","slug":"nuevo-director-general-de-corporacion-de-asistencia-judicial-apostara-a-fortalecer-presencia-en-natales","status":"publish","type":"post","link":"https:\/\/www.radiopresidenteibanez.cl\/web\/nuevo-director-general-de-corporacion-de-asistencia-judicial-apostara-a-fortalecer-presencia-en-natales\/","title":{"rendered":"NUEVO DIRECTOR GENERAL DE CORPORACI\u00d3N DE ASISTENCIA JUDICIAL APOSTARA A FORTALECER PRESENCIA EN NATALES"},"content":{"rendered":"\n<p>A conocer la marcha de su servicio en terreno y potenciar diversas prioridades en funci\u00f3n de las necesidades que presenta la regi\u00f3n, estuvo en Magallanes Rodrigo Mora Ortega, nuevo Director General de la Corporaci\u00f3n de Asistencia Judicial (CAJ METRO), organismo dependiente del Ministerio de Justicia que otorga servicios de orientaci\u00f3n e informaci\u00f3n en derechos, y cubre las regiones Metropolitana, O\u2019Higgins, Maule y Magallanes.<\/p>\n\n\n\n<p>El personero, de profesi\u00f3n abogado, 42 a\u00f1os, con especializaci\u00f3n en control de gesti\u00f3n y finanzas, fue nombrado el pasado 2 de agosto y asumi\u00f3 funciones el d\u00eda 3. Se mostr\u00f3 muy contento de servir en esta posici\u00f3n para mejorar el acceso a la justicia en Chile y tambi\u00e9n otorgar m\u00e1s apoyo, sobre todo a las l\u00edneas particulares que se han creado por el Presidente en materia de infancia, personas mayores y las tradicionales que llevan en materia de familia y derecho civil patrimonial. Agreg\u00f3 que en el sector p\u00fablico ha desempe\u00f1ado la mayor\u00eda de las funciones que un abogado puede ejercer, siendo sus anteriores funciones las de Jefe de Gabinete del Ministro de Educaci\u00f3n y del Consejo de la Transparencia.<\/p>\n\n\n\n<p>Su visita por tres d\u00edas a la regi\u00f3n incluy\u00f3 reuniones protocolares con la Secretaria Regional Ministerial de Justicia y Derechos Humanos, el Gobernador de Magallanes, la Presidenta de la Corte de Apelaciones, la Delegada Presidencial Provincial de \u00daltima Esperanza, la Consejera Regional Ximena Monta\u00f1a y la Alcaldesa de Puerto Natales. Como CAJ, destac\u00f3 que est\u00e1n muy interesados en emplazar un centro que otorgue acceso a la justicia a los habitantes de Puerto Natales, <em>\u201cun nuevo centro con m\u00e1s abogados y m\u00e1s servicios, eso al menos es nuestro plan y nos interesa mucho que haya una voluntad para generar esa construcci\u00f3n y hacer realidad un anhelo de los habitantes de Puerto Natales\u201d.<\/em><\/p>\n\n\n\n<p>Acerca de esta regi\u00f3n extrema, Mora se\u00f1al\u00f3 que <em>\u201cllegar a Magallanes siempre es una buena experiencia y tambi\u00e9n entender que ac\u00e1 existen criterios diferentes para poder evaluar el acceso a la justicia; no solamente la densidad poblacional es lo que debe importarnos sino tambi\u00e9n las limitantes geogr\u00e1ficas que existen para acceder a los servicios p\u00fablicos\u201d.<\/em> De ah\u00ed su inter\u00e9s en poder contar en Natales con dotaci\u00f3n funcionaria reforzada (con respecto a su actual asignaci\u00f3n de abogada y t\u00e9cnico jur\u00eddico) e incrementar la presencia de la Corporaci\u00f3n en todas las comunas de la regi\u00f3n.<\/p>\n\n\n\n<p>La Seremi Michelle Peutat calific\u00f3 de excelente la visita del personero, toda vez que <em>\u201cpara nuestro gobierno el derecho de acceso a la justicia es una prioridad, en el sentido de mejorar hacia avanzar en esta garant\u00eda tan relevante para la ciudadan\u00eda, pues hace posible<\/em><em> <\/em><em>judicializar muchas veces el acceso a otros derechos importantes para la comunidad, sobre todo aquellos de car\u00e1cter social. Y una de las prioridades tambi\u00e9n<\/em><em> <\/em><em>ha sido continuar trabajando para expandir la red de la CAJ en la regi\u00f3n, poder llegar a otras provincias, considerando no s\u00f3lo el aumento de la poblaci\u00f3n sino tambi\u00e9n la necesidad de los ciudadanos y las ciudadanas de sectores m\u00e1s alejados\u201d.<\/em><\/p>\n\n\n\n<p>Por su parte, Rodrigo Mora se mostr\u00f3 muy complacido de poder trabajar junto a una seremi <em>\u201cmuy en sinton\u00eda con nuestras prioridades y con gran conocimiento de la regi\u00f3n y del sector justicia\u201d, <\/em>valorando su manejo profesional de todos los detalles requeridos y tambi\u00e9n su aporte<em> \u201cen la creatividad que exigen los problemas y desaf\u00edos que estamos enfrentando para poder otorgar m\u00e1s acceso a los habitantes de Magallanes\u201d.<\/em> Mencion\u00f3 adem\u00e1s el grato encuentro con la Presidenta de la Corte de Apelaciones de Punta Arenas, Caroline Turner, con quien coincidieron en los \u00e9nfasis regionales y reconoci\u00f3 el apoyo de Tribunal de Alzada en el abordaje de las falencias en el acceso a la justicia al que se debe la CAJ.<\/p>\n\n\n\n<p>A nivel regional, la Corporaci\u00f3n de Asistencia Judicial otorga servicios de asesor\u00eda socio-jur\u00eddica y representaci\u00f3n judicial en materia Civil, de Familia, Laboral, atenci\u00f3n a v\u00edctimas de delitos violentos (CAVI) y defensa jur\u00eddica especializada a personas mayores (ODAM), y a Ni\u00f1os, Ni\u00f1as y Adolescentes (Programa \u201cMi Abogado\u201d y L\u00ednea de Representaci\u00f3n Jur\u00eddica \u201cLa Ni\u00f1ez y Adolescencia se Defienden\u201d). Adem\u00e1s dispone de convenios con municipios para acrecentar su presencia y responder a las m\u00faltiples necesidades de justicia en los distintos territorios.<\/p>\n","protected":false},"excerpt":{"rendered":"<p>A conocer la marcha de su servicio en terreno y potenciar diversas prioridades en funci\u00f3n de las necesidades que presenta la regi\u00f3n, estuvo en Magallanes Rodrigo Mora Ortega, nuevo Director&#8230; <a class=\"read-more\" href=\"https:\/\/www.radiopresidenteibanez.cl\/web\/nuevo-director-general-de-corporacion-de-asistencia-judicial-apostara-a-fortalecer-presencia-en-natales\/\">Leer m\u00e1s<\/a><\/p>\n","protected":false},"author":2,"featured_media":42515,"comment_status":"closed","ping_status":"closed","sticky":false,"template":"","format":"standard","meta":{"footnotes":""},"categories":[1],"tags":[],"class_list":["post-42514","post","type-post","status-publish","format-standard","has-post-thumbnail","hentry","category-cronica"],"_links":{"self":[{"href":"https:\/\/www.radiopresidenteibanez.cl\/web\/wp-json\/wp\/v2\/posts\/42514","targetHints":{"allow":["GET"]}}],"collection":[{"href":"https:\/\/www.radiopresidenteibanez.cl\/web\/wp-json\/wp\/v2\/posts"}],"about":[{"href":"https:\/\/www.radiopresidenteibanez.cl\/web\/wp-json\/wp\/v2\/types\/post"}],"author":[{"embeddable":true,"href":"https:\/\/www.radiopresidenteibanez.cl\/web\/wp-json\/wp\/v2\/users\/2"}],"replies":[{"embeddable":true,"href":"https:\/\/www.radiopresidenteibanez.cl\/web\/wp-json\/wp\/v2\/comments?post=42514"}],"version-history":[{"count":0,"href":"https:\/\/www.radiopresidenteibanez.cl\/web\/wp-json\/wp\/v2\/posts\/42514\/revisions"}],"wp:featuredmedia":[{"embeddable":true,"href":"https:\/\/www.radiopresidenteibanez.cl\/web\/wp-json\/wp\/v2\/media\/42515"}],"wp:attachment":[{"href":"https:\/\/www.radiopresidenteibanez.cl\/web\/wp-json\/wp\/v2\/media?parent=42514"}],"wp:term":[{"taxonomy":"category","embeddable":true,"href":"https:\/\/www.radiopresidenteibanez.cl\/web\/wp-json\/wp\/v2\/categories?post=42514"},{"taxonomy":"post_tag","embeddable":true,"href":"https:\/\/www.radiopresidenteibanez.cl\/web\/wp-json\/wp\/v2\/tags?post=42514"}],"curies":[{"name":"wp","href":"https:\/\/api.w.org\/{rel}","templated":true}]}}