{"id":42511,"date":"2023-09-04T11:03:00","date_gmt":"2023-09-04T14:03:00","guid":{"rendered":"https:\/\/www.radiopresidenteibanez.cl\/web\/?p=42511"},"modified":"2023-09-03T21:40:21","modified_gmt":"2023-09-04T00:40:21","slug":"conaf-inicia-proceso-de-actualizacion-del-plan-contra-incendios-forestales-para-punta-arenas","status":"publish","type":"post","link":"https:\/\/www.radiopresidenteibanez.cl\/web\/conaf-inicia-proceso-de-actualizacion-del-plan-contra-incendios-forestales-para-punta-arenas\/","title":{"rendered":"CONAF INICIA PROCESO DE ACTUALIZACION DEL PLAN CONTRA INCENDIOS FORESTALES PARA PUNTA ARENAS"},"content":{"rendered":"\n<p>CONAF se encuentra trabajando en la actualizaci\u00f3n del Plan de Protecci\u00f3n contra Incendios Forestales de la comuna de Punta Arenas, as\u00ed lo inform\u00f3 la Seremi de Agricultura, Irene Ram\u00edrez, quien dio las palabras de bienvenida a un taller de trabajo donde participaron representantes de las juntas de vecinos de Ojo Bueno, Barranco Amarillo y sectores periurbanos como Calafate y Robledal, junto con otras instituciones como SENAPRED y la Armada de Chile.<\/p>\n\n\n\n<p>La actividad se desarroll\u00f3 en el auditorio del edificio del Agro y en ella se expuso parte del Plan de Protecci\u00f3n contra incendios forestales existente para la comuna de Punta Arenas, donde se identifican los sectores con mayor riego de incendios forestales. En este sentido, la Corporaci\u00f3n Nacional Forestal, CONAF, antes que se inicie la temporada primavera verano, realiza un permanente trabajo de prevenci\u00f3n en las comunidades locales de todas las provincias, donde se generan planes de acci\u00f3n y mitigaci\u00f3n, derivando muchos de estos trabajos en planes comunales contra este tipo de emergencias.<\/p>\n\n\n\n<p>La Tesorera de la junta R6 Barranco Amarillo, Teresa Oyarzo, fue una de las participantes y manifest\u00f3: \u201cFue bien buena la charla y pienso que es bueno que hagan ese catastro y vean los riesgos que implican los incendios forestales para saber, porque ahora ha cambiado tanto el radio urbano y a veces hay bosque y matorrales y vive gente ah\u00ed. As\u00ed se evitan los incendios forestales y no se ponen en riegos las casas.\u201d.<\/p>\n","protected":false},"excerpt":{"rendered":"<p>CONAF se encuentra trabajando en la actualizaci\u00f3n del Plan de Protecci\u00f3n contra Incendios Forestales de la comuna de Punta Arenas, as\u00ed lo inform\u00f3 la Seremi de Agricultura, Irene Ram\u00edrez, quien&#8230; <a class=\"read-more\" href=\"https:\/\/www.radiopresidenteibanez.cl\/web\/conaf-inicia-proceso-de-actualizacion-del-plan-contra-incendios-forestales-para-punta-arenas\/\">Leer m\u00e1s<\/a><\/p>\n","protected":false},"author":2,"featured_media":42512,"comment_status":"closed","ping_status":"closed","sticky":false,"template":"","format":"standard","meta":{"footnotes":""},"categories":[1],"tags":[],"class_list":["post-42511","post","type-post","status-publish","format-standard","has-post-thumbnail","hentry","category-cronica"],"_links":{"self":[{"href":"https:\/\/www.radiopresidenteibanez.cl\/web\/wp-json\/wp\/v2\/posts\/42511","targetHints":{"allow":["GET"]}}],"collection":[{"href":"https:\/\/www.radiopresidenteibanez.cl\/web\/wp-json\/wp\/v2\/posts"}],"about":[{"href":"https:\/\/www.radiopresidenteibanez.cl\/web\/wp-json\/wp\/v2\/types\/post"}],"author":[{"embeddable":true,"href":"https:\/\/www.radiopresidenteibanez.cl\/web\/wp-json\/wp\/v2\/users\/2"}],"replies":[{"embeddable":true,"href":"https:\/\/www.radiopresidenteibanez.cl\/web\/wp-json\/wp\/v2\/comments?post=42511"}],"version-history":[{"count":0,"href":"https:\/\/www.radiopresidenteibanez.cl\/web\/wp-json\/wp\/v2\/posts\/42511\/revisions"}],"wp:featuredmedia":[{"embeddable":true,"href":"https:\/\/www.radiopresidenteibanez.cl\/web\/wp-json\/wp\/v2\/media\/42512"}],"wp:attachment":[{"href":"https:\/\/www.radiopresidenteibanez.cl\/web\/wp-json\/wp\/v2\/media?parent=42511"}],"wp:term":[{"taxonomy":"category","embeddable":true,"href":"https:\/\/www.radiopresidenteibanez.cl\/web\/wp-json\/wp\/v2\/categories?post=42511"},{"taxonomy":"post_tag","embeddable":true,"href":"https:\/\/www.radiopresidenteibanez.cl\/web\/wp-json\/wp\/v2\/tags?post=42511"}],"curies":[{"name":"wp","href":"https:\/\/api.w.org\/{rel}","templated":true}]}}