{"id":42508,"date":"2023-09-04T10:30:00","date_gmt":"2023-09-04T13:30:00","guid":{"rendered":"https:\/\/www.radiopresidenteibanez.cl\/web\/?p=42508"},"modified":"2023-09-03T21:36:59","modified_gmt":"2023-09-04T00:36:59","slug":"seremi-trabajo-valora-aumento-del-salario-minimo-a-460-mil","status":"publish","type":"post","link":"https:\/\/www.radiopresidenteibanez.cl\/web\/seremi-trabajo-valora-aumento-del-salario-minimo-a-460-mil\/","title":{"rendered":"SEREMI TRABAJO VALORA AUMENTO DEL SALARIO MINIMO A $460 mil"},"content":{"rendered":"\n<p>La SEREMI del Trabajo y Previsi\u00f3n Social, Doris Sandoval Miranda, destac\u00f3 el incremento del salario m\u00ednimo, que pas\u00f3 desde los $440 mil a $460 mil a partir de esta jornada, viernes 1 de septiembre.<\/p>\n\n\n\n<p>Junto con esto, la autoridad regional relev\u00f3 las medidas de apoyo que considera la ley de aumento del ingreso m\u00ednimo que contempla un importante apoyo a las micro, peque\u00f1as y medianas empresas.<\/p>\n\n\n\n<p>En este marco, la secretaria regional record\u00f3 que este incremento del ingreso m\u00ednimo mensual es parte de la gradualidad contemplada en la Ley 21.578, que fue aprobada el 29 de mayo pasado, para llegar a $500 mil.<\/p>\n\n\n\n<p>\u201cIniciando este mes de la patria, 1\u00b0 de septiembre, estamos entregando una tremenda y buena noticia para los trabajadores y trabajadoras de la regi\u00f3n, porque a partir de hoy comienza a regir un nuevo aumento del salario m\u00ednimo, que se eleva a $460 mil, en este camino a lograr el compromiso que tenemos como gobierno de llevar el salario m\u00ednimo de nuestro pa\u00eds a $500 mil\u201d, expres\u00f3 la SEREMI.<\/p>\n\n\n\n<p>En efecto, la ley aprobada en mayo pasado estableci\u00f3 la siguiente gradualidad: un primer incremento de $410.000 a $440.000, aplicado desde ese mismo mes; un segundo aumento, de $440.000 a $460.000, que fue informado hoy por los ministros y que rige desde esta fecha; y una tercera alza a $500.000 en julio de 2024.<\/p>\n\n\n\n<p>Es importante recalcar que el acuerdo tambi\u00e9n establece que, en caso de sufrir un aumento de la inflaci\u00f3n por sobre el 6% hacia fines de este a\u00f1o, en enero de 2024 se anticipar\u00e1 un nuevo incremento del salario m\u00ednimo a $470 mil previo a la llegada a $500 mil en julio del pr\u00f3ximo a\u00f1o.<\/p>\n\n\n\n<p>\u201cEsta medida que nos llena de alegr\u00eda porque contribuye con un granito de arena a que los trabajadores y trabajadoras puedan con su salario llevar el sustento a sus familias. Sabemos que este es el piso desde el cual tenemos que avanzar. Y esta medida ha sido acompa\u00f1ada de apoyo con un subsidio por trabajador\/a para la micro, peque\u00f1a y mediana empresa que ha tenido que asumir esta nueva normativa\u201d, agreg\u00f3 la autoridad.<\/p>\n\n\n\n<p>El subsidio de apoyo a las micro, peque\u00f1as y medianas empresas y cooperativas busca apoyarlas en el cumplimiento del pago del reajuste del ingreso m\u00ednimo mensual y estar\u00e1 vigente hasta abril de 2025. Esto representa un esfuerzo del Estado superior a los $320.000 millones.<\/p>\n","protected":false},"excerpt":{"rendered":"<p>La SEREMI del Trabajo y Previsi\u00f3n Social, Doris Sandoval Miranda, destac\u00f3 el incremento del salario m\u00ednimo, que pas\u00f3 desde los $440 mil a $460 mil a partir de esta jornada,&#8230; <a class=\"read-more\" href=\"https:\/\/www.radiopresidenteibanez.cl\/web\/seremi-trabajo-valora-aumento-del-salario-minimo-a-460-mil\/\">Leer m\u00e1s<\/a><\/p>\n","protected":false},"author":2,"featured_media":42509,"comment_status":"closed","ping_status":"closed","sticky":false,"template":"","format":"standard","meta":{"footnotes":""},"categories":[1],"tags":[],"class_list":["post-42508","post","type-post","status-publish","format-standard","has-post-thumbnail","hentry","category-cronica"],"_links":{"self":[{"href":"https:\/\/www.radiopresidenteibanez.cl\/web\/wp-json\/wp\/v2\/posts\/42508","targetHints":{"allow":["GET"]}}],"collection":[{"href":"https:\/\/www.radiopresidenteibanez.cl\/web\/wp-json\/wp\/v2\/posts"}],"about":[{"href":"https:\/\/www.radiopresidenteibanez.cl\/web\/wp-json\/wp\/v2\/types\/post"}],"author":[{"embeddable":true,"href":"https:\/\/www.radiopresidenteibanez.cl\/web\/wp-json\/wp\/v2\/users\/2"}],"replies":[{"embeddable":true,"href":"https:\/\/www.radiopresidenteibanez.cl\/web\/wp-json\/wp\/v2\/comments?post=42508"}],"version-history":[{"count":0,"href":"https:\/\/www.radiopresidenteibanez.cl\/web\/wp-json\/wp\/v2\/posts\/42508\/revisions"}],"wp:featuredmedia":[{"embeddable":true,"href":"https:\/\/www.radiopresidenteibanez.cl\/web\/wp-json\/wp\/v2\/media\/42509"}],"wp:attachment":[{"href":"https:\/\/www.radiopresidenteibanez.cl\/web\/wp-json\/wp\/v2\/media?parent=42508"}],"wp:term":[{"taxonomy":"category","embeddable":true,"href":"https:\/\/www.radiopresidenteibanez.cl\/web\/wp-json\/wp\/v2\/categories?post=42508"},{"taxonomy":"post_tag","embeddable":true,"href":"https:\/\/www.radiopresidenteibanez.cl\/web\/wp-json\/wp\/v2\/tags?post=42508"}],"curies":[{"name":"wp","href":"https:\/\/api.w.org\/{rel}","templated":true}]}}