{"id":42479,"date":"2023-09-02T17:17:00","date_gmt":"2023-09-02T20:17:00","guid":{"rendered":"https:\/\/www.radiopresidenteibanez.cl\/web\/?p=42479"},"modified":"2023-09-02T19:40:06","modified_gmt":"2023-09-02T22:40:06","slug":"seremi-transporte-y-telecomunicaciones-da-a-conocer-detalles-de-los-subsidios-de-transporte-que-operan-en-la-provincia-antartica-chilena","status":"publish","type":"post","link":"https:\/\/www.radiopresidenteibanez.cl\/web\/seremi-transporte-y-telecomunicaciones-da-a-conocer-detalles-de-los-subsidios-de-transporte-que-operan-en-la-provincia-antartica-chilena\/","title":{"rendered":"Seremi transporte y telecomunicaciones da a conocer detalles de los subsidios de transporte que operan en la provincia Ant\u00e1rtica Chilena"},"content":{"rendered":"\n<p>\u201cTuvimos la oportunidad de explicar los 4 subsidios que tenemos para la<br>conectividad de Puerto Williams: los dos mar\u00edtimos, el terrestre y el subsidio para la compra de pasajes<br>a\u00e9reos\u201d, dijo el seremi de Transportes y Telecomunicaciones Rodrigo Hern\u00e1ndez, agregando que para el<br>MTT es muy importante que la ciudadan\u00eda conozca estos subsidios \u201cque hoy suman 389 millones de pesos<br>mensuales, m\u00e1s de 4.600 millones al a\u00f1o que van en directo beneficio de la comunidad\u201d.<br>\u201cEsto ha ido mejorando. Que se haya considerado a la tercera edad era algo que uno no se esperaba. Que<br>viajemos gratis y en butaca cama, realmente uno lo agradece\u201d, dijo Carlos Soto docente del liceo D. Mac<br>Intyre, quien vive m\u00e1s de 4 d\u00e9cadas en la comuna de Puerto Williams, siendo un fidedigno testigo del<br>progreso de los servicios de transporte que acercan a la ciudad m\u00e1s austral de Chile a la capital regional y<br>desde all\u00ed a otros destinos del pa\u00eds. Soto se mostr\u00f3 conforme con la instancia de conversaci\u00f3n con las<br>autoridades, \u201chubo harta participaci\u00f3n de los vecinos y se le dijo al seremi realmente los problemas c\u00f3mo<br>eran\u201d, se\u00f1al\u00f3.<br>Por su parte Jaime Vargas trabajador del rubro del transporte de carga, valor\u00f3 la oportunidad de<br>conversar con la autoridad. \u201cOjal\u00e1 que en el pr\u00f3ximo presupuesto se puedan considerar otros beneficios\u201d<br>dijo, comentando que siendo su instrumento de trabajo un cami\u00f3n, no ha podido explotar al m\u00e1ximo su<br>potencial debido a que debe realizar las mantenciones en Punta Arenas y no siempre cuenta con los<br>recursos necesarios para llevarlo. \u201cOjal\u00e1 se pudiera considerar ese tipo de situaciones para los residentes<br>de la isla\u201d.<br>La diputada por Magallanes Javiera Morales aport\u00f3 informaci\u00f3n respecto a las normas que rigen los<br>contratos comerciales con las aerol\u00edneas y su mirada respecto a las restricciones legales que podr\u00edan tener<br>algunos aspectos que son entendidos como carest\u00edas en los beneficios que otorgados a trav\u00e9s de los<br>subsidios. \u201cFue una instancia muy positiva, que permiti\u00f3 que la comunidad conociera de primera fuente<br>cu\u00e1les son los subsidios en materia a\u00e9rea y mar\u00edtima a los que puede acceder. Adem\u00e1s, destac\u00f3 el<br>compromiso de la cartera de Transportes de avanzar en el programa barcazas para Chile que busca<br>contratos m\u00e1s largos y con mejores condiciones, que tambi\u00e9n incluye di\u00e1logo ciudadano a partir de<br>octubre\u00bb<br>\u201cLa encontr\u00e9 buena porque se dio en un clima de respeto. Pero quiz\u00e1s no se abordaron los temas de la<br>forma en que nosotros quer\u00edamos\u201d, dijo Tania Santander, quien manifest\u00f3 estar de acuerdo con la<br>realizaci\u00f3n de una instancia participativa ya que va a servir para aclarar dudas o inquietudes que puedan<br>haber quedado.<br>En lo anterior fue secundada por la delegada presidencial provincial Mar\u00eda Luisa Mu\u00f1oz, quien valor\u00f3 la<br>presencia del seremi Hern\u00e1ndez en Cabo de Hornos. \u201cEl hecho de poder dialogar y transparentar las<br>iniciativas de la seremi y que se den a conocer a los vecinos es muy importante, como as\u00ed tambi\u00e9n<br>despejar varios mitos y entender bien c\u00f3mo funcionan los diferentes tipos de subsidios\u201d, indic\u00f3.<br>Finalmente, el seremi Hern\u00e1ndez invit\u00f3 a la comunidad a sumarse a la jornada participaci\u00f3n ciudadana<br>que realizar\u00e1 esta cartera regional en octubre y que dar\u00e1 inicio a nueva forma de licitaci\u00f3n de transporte<br>mar\u00edtimo que comenzar\u00e1 recogiendo en mesas de trabajo los datos desde la propia ciudadan\u00eda.<\/p>\n","protected":false},"excerpt":{"rendered":"<p>\u201cTuvimos la oportunidad de explicar los 4 subsidios que tenemos para laconectividad de Puerto Williams: los dos mar\u00edtimos, el terrestre y el subsidio para la compra de pasajesa\u00e9reos\u201d, dijo el&#8230; <a class=\"read-more\" href=\"https:\/\/www.radiopresidenteibanez.cl\/web\/seremi-transporte-y-telecomunicaciones-da-a-conocer-detalles-de-los-subsidios-de-transporte-que-operan-en-la-provincia-antartica-chilena\/\">Leer m\u00e1s<\/a><\/p>\n","protected":false},"author":2,"featured_media":42480,"comment_status":"closed","ping_status":"closed","sticky":false,"template":"","format":"standard","meta":{"footnotes":""},"categories":[1],"tags":[],"class_list":["post-42479","post","type-post","status-publish","format-standard","has-post-thumbnail","hentry","category-cronica"],"_links":{"self":[{"href":"https:\/\/www.radiopresidenteibanez.cl\/web\/wp-json\/wp\/v2\/posts\/42479","targetHints":{"allow":["GET"]}}],"collection":[{"href":"https:\/\/www.radiopresidenteibanez.cl\/web\/wp-json\/wp\/v2\/posts"}],"about":[{"href":"https:\/\/www.radiopresidenteibanez.cl\/web\/wp-json\/wp\/v2\/types\/post"}],"author":[{"embeddable":true,"href":"https:\/\/www.radiopresidenteibanez.cl\/web\/wp-json\/wp\/v2\/users\/2"}],"replies":[{"embeddable":true,"href":"https:\/\/www.radiopresidenteibanez.cl\/web\/wp-json\/wp\/v2\/comments?post=42479"}],"version-history":[{"count":0,"href":"https:\/\/www.radiopresidenteibanez.cl\/web\/wp-json\/wp\/v2\/posts\/42479\/revisions"}],"wp:featuredmedia":[{"embeddable":true,"href":"https:\/\/www.radiopresidenteibanez.cl\/web\/wp-json\/wp\/v2\/media\/42480"}],"wp:attachment":[{"href":"https:\/\/www.radiopresidenteibanez.cl\/web\/wp-json\/wp\/v2\/media?parent=42479"}],"wp:term":[{"taxonomy":"category","embeddable":true,"href":"https:\/\/www.radiopresidenteibanez.cl\/web\/wp-json\/wp\/v2\/categories?post=42479"},{"taxonomy":"post_tag","embeddable":true,"href":"https:\/\/www.radiopresidenteibanez.cl\/web\/wp-json\/wp\/v2\/tags?post=42479"}],"curies":[{"name":"wp","href":"https:\/\/api.w.org\/{rel}","templated":true}]}}