{"id":42467,"date":"2023-09-01T17:35:10","date_gmt":"2023-09-01T20:35:10","guid":{"rendered":"https:\/\/www.radiopresidenteibanez.cl\/web\/?p=42467"},"modified":"2023-09-01T17:35:16","modified_gmt":"2023-09-01T20:35:16","slug":"zona-extrema","status":"publish","type":"post","link":"https:\/\/www.radiopresidenteibanez.cl\/web\/zona-extrema\/","title":{"rendered":"ZONA EXTREMA"},"content":{"rendered":"\n<p>Este s\u00e1bado 02 de Septiembre vuelve el programa Zona Extrema a la Radio con Historia, ud podr\u00e1 sintonizar y participar todos los s\u00e1bados de 12:00 a 13:00 horas<\/p>\n","protected":false},"excerpt":{"rendered":"<p>Este s\u00e1bado 02 de Septiembre vuelve el programa Zona Extrema a la Radio con Historia, ud podr\u00e1 sintonizar y participar todos los s\u00e1bados de 12:00 a 13:00 horas<\/p>\n","protected":false},"author":2,"featured_media":42468,"comment_status":"closed","ping_status":"closed","sticky":false,"template":"","format":"standard","meta":{"footnotes":""},"categories":[1],"tags":[],"class_list":["post-42467","post","type-post","status-publish","format-standard","has-post-thumbnail","hentry","category-cronica"],"_links":{"self":[{"href":"https:\/\/www.radiopresidenteibanez.cl\/web\/wp-json\/wp\/v2\/posts\/42467","targetHints":{"allow":["GET"]}}],"collection":[{"href":"https:\/\/www.radiopresidenteibanez.cl\/web\/wp-json\/wp\/v2\/posts"}],"about":[{"href":"https:\/\/www.radiopresidenteibanez.cl\/web\/wp-json\/wp\/v2\/types\/post"}],"author":[{"embeddable":true,"href":"https:\/\/www.radiopresidenteibanez.cl\/web\/wp-json\/wp\/v2\/users\/2"}],"replies":[{"embeddable":true,"href":"https:\/\/www.radiopresidenteibanez.cl\/web\/wp-json\/wp\/v2\/comments?post=42467"}],"version-history":[{"count":0,"href":"https:\/\/www.radiopresidenteibanez.cl\/web\/wp-json\/wp\/v2\/posts\/42467\/revisions"}],"wp:featuredmedia":[{"embeddable":true,"href":"https:\/\/www.radiopresidenteibanez.cl\/web\/wp-json\/wp\/v2\/media\/42468"}],"wp:attachment":[{"href":"https:\/\/www.radiopresidenteibanez.cl\/web\/wp-json\/wp\/v2\/media?parent=42467"}],"wp:term":[{"taxonomy":"category","embeddable":true,"href":"https:\/\/www.radiopresidenteibanez.cl\/web\/wp-json\/wp\/v2\/categories?post=42467"},{"taxonomy":"post_tag","embeddable":true,"href":"https:\/\/www.radiopresidenteibanez.cl\/web\/wp-json\/wp\/v2\/tags?post=42467"}],"curies":[{"name":"wp","href":"https:\/\/api.w.org\/{rel}","templated":true}]}}