{"id":42460,"date":"2023-09-01T02:16:56","date_gmt":"2023-09-01T05:16:56","guid":{"rendered":"https:\/\/www.radiopresidenteibanez.cl\/web\/?p=42460"},"modified":"2023-09-01T02:17:02","modified_gmt":"2023-09-01T05:17:02","slug":"la-ruta-del-silencio-en-punta-arenas","status":"publish","type":"post","link":"https:\/\/www.radiopresidenteibanez.cl\/web\/la-ruta-del-silencio-en-punta-arenas\/","title":{"rendered":"LA RUTA DEL SILENCIO EN PUNTA ARENAS."},"content":{"rendered":"\n<p id=\"m_9180401356301305150ydp1436d0eeblock-ba381283-5d62-405c-a137-763713939f4d\">El mi\u00e9rcoles 30 de agosto de 2023, en el D\u00eda del Detenido Desaparecido y Ejecutados, el actor Juan Manuel Herrera, miembro de la Coordinadora Popular Magallanes por los 50 A\u00f1os del Golpe de Estado (CPM50), hizo un recorrido por la mayor\u00eda de los sitios de memoria en Punta Arenas. Herrera, personificando con solemnidad la muerte y moviliz\u00e1ndose en bicicleta, inst\u00f3 en cada sitio a los militares y quienes tengan informaci\u00f3n sobre los\/as detenidos\/as desaparecidos\/as, a entregar dicha informaci\u00f3n. En particular, inst\u00f3 a los militares a terminar con el pacto de silencio que han mantenido por medio siglo.<\/p>\n\n\n\n<p id=\"m_9180401356301305150ydp1436d0eeblock-86c247f8-678e-462b-a8fa-7438d675014d\">La ruta comprendi\u00f3 20 sitios de memoria, partiendo desde el Regimiento de Infanter\u00eda de Marina Cochrane en el kil\u00f3metro 4 1\/2 sur, para terminar mas de 3 horas mas tarde en la Plaza Francisco Bettancourt en la esquina de General del Canto con Videla.<\/p>\n\n\n\n<p id=\"m_9180401356301305150ydp1436d0eeblock-eb53a03f-8c2a-4411-8a47-c12946f991d2\">Aparte de miembros de la CPM50, la comitiva fue tambi\u00e9n acompa\u00f1ada por el jefe regional del Instituto de Derechos Humanos.<\/p>\n\n\n\n<figure class=\"wp-block-gallery has-nested-images columns-default is-cropped wp-block-gallery-1 is-layout-flex wp-block-gallery-is-layout-flex\">\n<figure class=\"wp-block-image size-large\"><img loading=\"lazy\" decoding=\"async\" width=\"1024\" height=\"576\" data-id=\"42463\" src=\"https:\/\/www.radiopresidenteibanez.cl\/web\/wp-content\/uploads\/2023\/09\/ruta-silencio-001-1024x576.jpg\" alt=\"\" class=\"wp-image-42463\" srcset=\"https:\/\/www.radiopresidenteibanez.cl\/web\/wp-content\/uploads\/2023\/09\/ruta-silencio-001-1024x576.jpg 1024w, https:\/\/www.radiopresidenteibanez.cl\/web\/wp-content\/uploads\/2023\/09\/ruta-silencio-001-300x169.jpg 300w, https:\/\/www.radiopresidenteibanez.cl\/web\/wp-content\/uploads\/2023\/09\/ruta-silencio-001-768x432.jpg 768w, https:\/\/www.radiopresidenteibanez.cl\/web\/wp-content\/uploads\/2023\/09\/ruta-silencio-001.jpg 1536w\" sizes=\"auto, (max-width: 1024px) 100vw, 1024px\" \/><\/figure>\n\n\n\n<figure class=\"wp-block-image size-large\"><img loading=\"lazy\" decoding=\"async\" width=\"1024\" height=\"576\" data-id=\"42464\" src=\"https:\/\/www.radiopresidenteibanez.cl\/web\/wp-content\/uploads\/2023\/09\/ruta-silencio-002-1024x576.jpg\" alt=\"\" class=\"wp-image-42464\" srcset=\"https:\/\/www.radiopresidenteibanez.cl\/web\/wp-content\/uploads\/2023\/09\/ruta-silencio-002-1024x576.jpg 1024w, https:\/\/www.radiopresidenteibanez.cl\/web\/wp-content\/uploads\/2023\/09\/ruta-silencio-002-300x169.jpg 300w, https:\/\/www.radiopresidenteibanez.cl\/web\/wp-content\/uploads\/2023\/09\/ruta-silencio-002-768x432.jpg 768w, https:\/\/www.radiopresidenteibanez.cl\/web\/wp-content\/uploads\/2023\/09\/ruta-silencio-002.jpg 1536w\" sizes=\"auto, (max-width: 1024px) 100vw, 1024px\" \/><\/figure>\n\n\n\n<figure class=\"wp-block-image size-large\"><img loading=\"lazy\" decoding=\"async\" width=\"1024\" height=\"576\" data-id=\"42465\" src=\"https:\/\/www.radiopresidenteibanez.cl\/web\/wp-content\/uploads\/2023\/09\/ruta-silencio-003-1024x576.jpg\" alt=\"\" class=\"wp-image-42465\" srcset=\"https:\/\/www.radiopresidenteibanez.cl\/web\/wp-content\/uploads\/2023\/09\/ruta-silencio-003-1024x576.jpg 1024w, https:\/\/www.radiopresidenteibanez.cl\/web\/wp-content\/uploads\/2023\/09\/ruta-silencio-003-300x169.jpg 300w, https:\/\/www.radiopresidenteibanez.cl\/web\/wp-content\/uploads\/2023\/09\/ruta-silencio-003-768x432.jpg 768w, https:\/\/www.radiopresidenteibanez.cl\/web\/wp-content\/uploads\/2023\/09\/ruta-silencio-003.jpg 1536w\" sizes=\"auto, (max-width: 1024px) 100vw, 1024px\" \/><\/figure>\n\n\n\n<figure class=\"wp-block-image size-large\"><img loading=\"lazy\" decoding=\"async\" width=\"1024\" height=\"576\" data-id=\"42462\" src=\"https:\/\/www.radiopresidenteibanez.cl\/web\/wp-content\/uploads\/2023\/09\/ruta-silencio-004-1024x576.jpg\" alt=\"\" class=\"wp-image-42462\" srcset=\"https:\/\/www.radiopresidenteibanez.cl\/web\/wp-content\/uploads\/2023\/09\/ruta-silencio-004-1024x576.jpg 1024w, https:\/\/www.radiopresidenteibanez.cl\/web\/wp-content\/uploads\/2023\/09\/ruta-silencio-004-300x169.jpg 300w, https:\/\/www.radiopresidenteibanez.cl\/web\/wp-content\/uploads\/2023\/09\/ruta-silencio-004-768x432.jpg 768w, https:\/\/www.radiopresidenteibanez.cl\/web\/wp-content\/uploads\/2023\/09\/ruta-silencio-004.jpg 1536w\" sizes=\"auto, (max-width: 1024px) 100vw, 1024px\" \/><\/figure>\n\n\n\n<figure class=\"wp-block-image size-large\"><img loading=\"lazy\" decoding=\"async\" width=\"1024\" height=\"576\" data-id=\"42461\" src=\"https:\/\/www.radiopresidenteibanez.cl\/web\/wp-content\/uploads\/2023\/09\/ruta-silencio-005-1024x576.jpg\" alt=\"\" class=\"wp-image-42461\" srcset=\"https:\/\/www.radiopresidenteibanez.cl\/web\/wp-content\/uploads\/2023\/09\/ruta-silencio-005-1024x576.jpg 1024w, https:\/\/www.radiopresidenteibanez.cl\/web\/wp-content\/uploads\/2023\/09\/ruta-silencio-005-300x169.jpg 300w, https:\/\/www.radiopresidenteibanez.cl\/web\/wp-content\/uploads\/2023\/09\/ruta-silencio-005-768x432.jpg 768w, https:\/\/www.radiopresidenteibanez.cl\/web\/wp-content\/uploads\/2023\/09\/ruta-silencio-005.jpg 1536w\" sizes=\"auto, (max-width: 1024px) 100vw, 1024px\" \/><\/figure>\n<\/figure>\n","protected":false},"excerpt":{"rendered":"<p>El mi\u00e9rcoles 30 de agosto de 2023, en el D\u00eda del Detenido Desaparecido y Ejecutados, el actor Juan Manuel Herrera, miembro de la Coordinadora Popular Magallanes por los 50 A\u00f1os&#8230; <a class=\"read-more\" href=\"https:\/\/www.radiopresidenteibanez.cl\/web\/la-ruta-del-silencio-en-punta-arenas\/\">Leer m\u00e1s<\/a><\/p>\n","protected":false},"author":2,"featured_media":42461,"comment_status":"closed","ping_status":"closed","sticky":false,"template":"","format":"standard","meta":{"footnotes":""},"categories":[1,117],"tags":[118],"class_list":["post-42460","post","type-post","status-publish","format-standard","has-post-thumbnail","hentry","category-cronica","category-derechos-humanos","tag-dictadura"],"_links":{"self":[{"href":"https:\/\/www.radiopresidenteibanez.cl\/web\/wp-json\/wp\/v2\/posts\/42460","targetHints":{"allow":["GET"]}}],"collection":[{"href":"https:\/\/www.radiopresidenteibanez.cl\/web\/wp-json\/wp\/v2\/posts"}],"about":[{"href":"https:\/\/www.radiopresidenteibanez.cl\/web\/wp-json\/wp\/v2\/types\/post"}],"author":[{"embeddable":true,"href":"https:\/\/www.radiopresidenteibanez.cl\/web\/wp-json\/wp\/v2\/users\/2"}],"replies":[{"embeddable":true,"href":"https:\/\/www.radiopresidenteibanez.cl\/web\/wp-json\/wp\/v2\/comments?post=42460"}],"version-history":[{"count":0,"href":"https:\/\/www.radiopresidenteibanez.cl\/web\/wp-json\/wp\/v2\/posts\/42460\/revisions"}],"wp:featuredmedia":[{"embeddable":true,"href":"https:\/\/www.radiopresidenteibanez.cl\/web\/wp-json\/wp\/v2\/media\/42461"}],"wp:attachment":[{"href":"https:\/\/www.radiopresidenteibanez.cl\/web\/wp-json\/wp\/v2\/media?parent=42460"}],"wp:term":[{"taxonomy":"category","embeddable":true,"href":"https:\/\/www.radiopresidenteibanez.cl\/web\/wp-json\/wp\/v2\/categories?post=42460"},{"taxonomy":"post_tag","embeddable":true,"href":"https:\/\/www.radiopresidenteibanez.cl\/web\/wp-json\/wp\/v2\/tags?post=42460"}],"curies":[{"name":"wp","href":"https:\/\/api.w.org\/{rel}","templated":true}]}}