{"id":42445,"date":"2023-09-01T10:27:00","date_gmt":"2023-09-01T13:27:00","guid":{"rendered":"https:\/\/www.radiopresidenteibanez.cl\/web\/?p=42445"},"modified":"2023-08-31T20:43:47","modified_gmt":"2023-08-31T23:43:47","slug":"blumar-capacita-a-25-estudiantes-del-liceo-maria-behety-sobre-inocuidad-alimentaria","status":"publish","type":"post","link":"https:\/\/www.radiopresidenteibanez.cl\/web\/blumar-capacita-a-25-estudiantes-del-liceo-maria-behety-sobre-inocuidad-alimentaria\/","title":{"rendered":"BLUMAR CAPACITA A 25 ESTUDIANTES DEL LICEO MARIA BEHETY SOBRE INOCUIDAD ALIMENTARIA"},"content":{"rendered":"\n<p>La empresa salmonera Blumar llev\u00f3 a cabo la quinta versi\u00f3n del curso de<br>inocuidad alimentaria con la participaci\u00f3n de los estudiantes de hoteler\u00eda, gastronom\u00eda y<br>acuicultura del Liceo Mar\u00eda Behety. Esta actividad forma parte del convenio de<br>colaboraci\u00f3n que tienen ambas instituciones, con el fin de fortalecer los conocimientos de<br>los alumnos y potenciar la salmonicultura en la regi\u00f3n.<br>La capacitaci\u00f3n fue dictada por la ingeniera en Alimentos y docente de la<br>Universidad de Playa Ancha, Nelda Rodr\u00edguez, quien destac\u00f3 que \u201clos estudiantes fueron<br>participativos y quedaron con la idea de poder seguir creciendo, interesados con algunos<br>aprendizajes previos que ten\u00edan a trav\u00e9s de esta capacitaci\u00f3n\u201d.<br>Por su parte, el subgerente de Producci\u00f3n de Blumar en Magallanes, Pablo Sol\u00eds,<br>indic\u00f3 que \u201cestamos felices de participar por quinto a\u00f1o en esta iniciativa, porque<br>tenemos una relaci\u00f3n de hace tiempo con el liceo y nos interesa poder ser un actor<br>relevante dentro del territorio en que trabajamos. Esperamos que los alumnos puedan<br>desarrollarse vocacionalmente a trav\u00e9s de estas instancias, adem\u00e1s de adquirir nuevas<br>capacidades para el futuro\u201d.<br>\u201cEl curso fue bastante interactivo y retroaliment\u00f3 bastante cosas que yo ya sab\u00eda y<br>tambi\u00e9n otras que voy a aprender y voy a seguir estudiando. Yo creo que cuando empiece<br>a trabajar me va a servir bastante lo que he aprendido para mi desarrollo\u201d, puntualiz\u00f3 el<br>estudiante Basti\u00e1n Lillo.<\/p>\n","protected":false},"excerpt":{"rendered":"<p>La empresa salmonera Blumar llev\u00f3 a cabo la quinta versi\u00f3n del curso deinocuidad alimentaria con la participaci\u00f3n de los estudiantes de hoteler\u00eda, gastronom\u00eda yacuicultura del Liceo Mar\u00eda Behety. Esta actividad&#8230; <a class=\"read-more\" href=\"https:\/\/www.radiopresidenteibanez.cl\/web\/blumar-capacita-a-25-estudiantes-del-liceo-maria-behety-sobre-inocuidad-alimentaria\/\">Leer m\u00e1s<\/a><\/p>\n","protected":false},"author":2,"featured_media":42446,"comment_status":"closed","ping_status":"closed","sticky":false,"template":"","format":"standard","meta":{"footnotes":""},"categories":[1],"tags":[],"class_list":["post-42445","post","type-post","status-publish","format-standard","has-post-thumbnail","hentry","category-cronica"],"_links":{"self":[{"href":"https:\/\/www.radiopresidenteibanez.cl\/web\/wp-json\/wp\/v2\/posts\/42445","targetHints":{"allow":["GET"]}}],"collection":[{"href":"https:\/\/www.radiopresidenteibanez.cl\/web\/wp-json\/wp\/v2\/posts"}],"about":[{"href":"https:\/\/www.radiopresidenteibanez.cl\/web\/wp-json\/wp\/v2\/types\/post"}],"author":[{"embeddable":true,"href":"https:\/\/www.radiopresidenteibanez.cl\/web\/wp-json\/wp\/v2\/users\/2"}],"replies":[{"embeddable":true,"href":"https:\/\/www.radiopresidenteibanez.cl\/web\/wp-json\/wp\/v2\/comments?post=42445"}],"version-history":[{"count":0,"href":"https:\/\/www.radiopresidenteibanez.cl\/web\/wp-json\/wp\/v2\/posts\/42445\/revisions"}],"wp:featuredmedia":[{"embeddable":true,"href":"https:\/\/www.radiopresidenteibanez.cl\/web\/wp-json\/wp\/v2\/media\/42446"}],"wp:attachment":[{"href":"https:\/\/www.radiopresidenteibanez.cl\/web\/wp-json\/wp\/v2\/media?parent=42445"}],"wp:term":[{"taxonomy":"category","embeddable":true,"href":"https:\/\/www.radiopresidenteibanez.cl\/web\/wp-json\/wp\/v2\/categories?post=42445"},{"taxonomy":"post_tag","embeddable":true,"href":"https:\/\/www.radiopresidenteibanez.cl\/web\/wp-json\/wp\/v2\/tags?post=42445"}],"curies":[{"name":"wp","href":"https:\/\/api.w.org\/{rel}","templated":true}]}}