{"id":42435,"date":"2023-08-31T18:56:00","date_gmt":"2023-08-31T21:56:00","guid":{"rendered":"https:\/\/www.radiopresidenteibanez.cl\/web\/?p=42435"},"modified":"2023-08-31T08:56:01","modified_gmt":"2023-08-31T11:56:01","slug":"destacado-cineasta-magallanico-ofrecera-charla-magistral-sobre-la-representacion-del-dolor","status":"publish","type":"post","link":"https:\/\/www.radiopresidenteibanez.cl\/web\/destacado-cineasta-magallanico-ofrecera-charla-magistral-sobre-la-representacion-del-dolor\/","title":{"rendered":"DESTACADO CINEASTA MAGALLANICO OFRECERA CHARLA MAGISTRAL SOBRE LA \u00abREPRESENTACION DEL DOLOR\u00bb"},"content":{"rendered":"\n<blockquote class=\"wp-block-quote is-layout-flow wp-block-quote-is-layout-flow\">\n<p>El pr\u00f3ximo viernes 1 de septiembre, a las 18 horas, en el Sal\u00f3n Livacic de la Universidad de Magallanes (UMAG), se llevar\u00e1 a cabo una imperdible charla magistral titulada \u00abRepresentaci\u00f3n del Dolor\u00bb, a cargo del reconocido cineasta Leonardo Medel. El evento es organizado por ex prisioneras pol\u00edticas y cuenta con el apoyo de la Seremi de las Artes, las Culturas y el Patrimonio.<\/p>\n\n\n\n<p>En&nbsp;la conferencia, el cineasta Leonardo Medel explorar\u00e1 el complejo concepto de representar el dolor humano en el arte, abordando la paradoja de que el verdadero dolor es inherentemente irrepresentable, pero a la vez es crucial encontrar formas de expresarlo. Medel sostiene que&nbsp;\u201cla representaci\u00f3n del dolor es fundamental para prevenir atrocidades similares en el futuro, al recordarnos las terribles consecuencias que pueden derivar de dicho sufrimiento\u201d.<\/p>\n\n\n\n<p>A lo largo de las \u00faltimas d\u00e9cadas, diversos artistas han empleado estrategias variadas para abordar la representaci\u00f3n del dolor y la memoria de las violaciones a los derechos humanos. Durante la charla, se analizar\u00e1 detenidamente la obra del artista Alfredo Jaar, as\u00ed como la estrategia empleada en la obra teatral Villa +Discurso del dramaturgo Guillermo Calder\u00f3n. Adem\u00e1s, se realizar\u00e1 un repaso por la poes\u00eda de Arist\u00f3teles Espa\u00f1a y se examinar\u00e1 el cortometraje \u00abCol\u00f3n 636\u00bb, una creaci\u00f3n cinematogr\u00e1fica del propioLeonardo Medel.<\/p>\n\n\n\n<p>La charla se presenta como una exploraci\u00f3n exhaustiva de las estrategias art\u00edsticas utilizadas para representar el dolor humano a lo largo de la historia. Desde la obra de Peter Bruegel que abord\u00f3 la Peste Negra hasta las denuncias de atropellos a los derechos humanos en el siglo XX y en la historia nacional reciente, se profundizar\u00e1 en c\u00f3mo los artistas han empleado enfoques similares para transmitir estas experiencias traum\u00e1ticas.<\/p>\n\n\n\n<p>Para las ex prisioneras pol\u00edticas la&nbsp;\u00abRepresentaci\u00f3n del Dolor\u00bb se perfila como una oportunidad \u00fanica para artistas y personas interesadas en la semi\u00f3tica y el significado en el arte. Adem\u00e1s, ofrece una perspectiva valiosa para los futuros artistas de la Regi\u00f3n de Magallanes, enriqueciendo su comprensi\u00f3n de c\u00f3mo abordar tem\u00e1ticas profundas y sensibles&nbsp;de la violaci\u00f3n a los derechos humanos,&nbsp;a trav\u00e9s de sus creaciones.<\/p>\n\n\n\n<p>Los interesados en participar pueden asistir de forma gratuita al Sal\u00f3n Livacic de la UMAG el viernes 1 de septiembre a las 18 horas. Se espera que la conferencia inspire un di\u00e1logo enriquecedor sobre la representaci\u00f3n art\u00edstica del dolor y su poder para transformar la percepci\u00f3n y la acci\u00f3n en la sociedad.<\/p>\n\n\n\n<p>Esta actividad se suma a la reciente charla sobre patrimonio y la casa de Col\u00f3n 636 dictada por el arquitecto y muse\u00f3logo, Jorge Molina, y a la pr\u00f3xima intervenci\u00f3n lum\u00ednica que realizar\u00e1 el colectivo \u00daltima Esperanza, denominado Hilo de Memoria, el pr\u00f3ximo 4, 5, y 6 de septiembre a las 19:30 horas frente a la Casa de Col\u00f3n 636.<\/p>\n<\/blockquote>\n","protected":false},"excerpt":{"rendered":"<p>El pr\u00f3ximo viernes 1 de septiembre, a las 18 horas, en el Sal\u00f3n Livacic de la Universidad de Magallanes (UMAG), se llevar\u00e1 a cabo una imperdible charla magistral titulada \u00abRepresentaci\u00f3n&#8230; <a class=\"read-more\" href=\"https:\/\/www.radiopresidenteibanez.cl\/web\/destacado-cineasta-magallanico-ofrecera-charla-magistral-sobre-la-representacion-del-dolor\/\">Leer m\u00e1s<\/a><\/p>\n","protected":false},"author":2,"featured_media":42437,"comment_status":"closed","ping_status":"closed","sticky":false,"template":"","format":"standard","meta":{"footnotes":""},"categories":[1],"tags":[],"class_list":["post-42435","post","type-post","status-publish","format-standard","has-post-thumbnail","hentry","category-cronica"],"_links":{"self":[{"href":"https:\/\/www.radiopresidenteibanez.cl\/web\/wp-json\/wp\/v2\/posts\/42435","targetHints":{"allow":["GET"]}}],"collection":[{"href":"https:\/\/www.radiopresidenteibanez.cl\/web\/wp-json\/wp\/v2\/posts"}],"about":[{"href":"https:\/\/www.radiopresidenteibanez.cl\/web\/wp-json\/wp\/v2\/types\/post"}],"author":[{"embeddable":true,"href":"https:\/\/www.radiopresidenteibanez.cl\/web\/wp-json\/wp\/v2\/users\/2"}],"replies":[{"embeddable":true,"href":"https:\/\/www.radiopresidenteibanez.cl\/web\/wp-json\/wp\/v2\/comments?post=42435"}],"version-history":[{"count":0,"href":"https:\/\/www.radiopresidenteibanez.cl\/web\/wp-json\/wp\/v2\/posts\/42435\/revisions"}],"wp:featuredmedia":[{"embeddable":true,"href":"https:\/\/www.radiopresidenteibanez.cl\/web\/wp-json\/wp\/v2\/media\/42437"}],"wp:attachment":[{"href":"https:\/\/www.radiopresidenteibanez.cl\/web\/wp-json\/wp\/v2\/media?parent=42435"}],"wp:term":[{"taxonomy":"category","embeddable":true,"href":"https:\/\/www.radiopresidenteibanez.cl\/web\/wp-json\/wp\/v2\/categories?post=42435"},{"taxonomy":"post_tag","embeddable":true,"href":"https:\/\/www.radiopresidenteibanez.cl\/web\/wp-json\/wp\/v2\/tags?post=42435"}],"curies":[{"name":"wp","href":"https:\/\/api.w.org\/{rel}","templated":true}]}}