{"id":424,"date":"2019-01-14T16:18:57","date_gmt":"2019-01-14T16:18:57","guid":{"rendered":"http:\/\/www.radiopresidenteibanez.cl\/web\/?p=424"},"modified":"2019-01-14T16:18:59","modified_gmt":"2019-01-14T16:18:59","slug":"expositores-del-congreso-del-futuro-visitan-el-parque-del-estrecho","status":"publish","type":"post","link":"https:\/\/www.radiopresidenteibanez.cl\/web\/expositores-del-congreso-del-futuro-visitan-el-parque-del-estrecho\/","title":{"rendered":"EXPOSITORES DEL CONGRESO DEL FUTURO VISITAN EL PARQUE DEL ESTRECHO"},"content":{"rendered":"\n<p>En el marco de la extensi\u00f3n en Punta Arenas del Congreso del Futuro, un grupo de expositores, autoridades e invitados especiales visitaron el Parque del Estrecho de Magallanes dentro de las actividades complementarias al encuentro.<\/p>\n\n\n\n<p>Investigadores, divulgadores cient\u00edficos, docentes, un premio nobel e invitados especiales estuvieron dentro de los participantes del encuentro, que comenz\u00f3 con la visita al Sitio Hist\u00f3rico Fuerte Bulnes, sus senderos y miradores, donde adem\u00e1s pudieron disfrutar de un picnic.<\/p>\n\n\n\n<p>Luego los invitados participaron de un Recorrido Patrimonial en el Museo del Estrecho, donde pudieron conocer la historia de la formaci\u00f3n del territorio, sus primeros habitantes y los naufragios que ocurrieron ah\u00ed. Luego recibieron por parte del Parque un grabado con su imagen iconogr\u00e1fica, realizado por el dise\u00f1ador Pablo Quercia Martinic.<\/p>\n\n\n\n<p>En la ocasi\u00f3n, Guido Girardi, senador y uno de los impulsores del Congreso del Futuro, se\u00f1al\u00f3 que \u201cel Parque del Estrecho es un poco como el Congreso del Futuro, es un laboratorio de innovaci\u00f3n social, \u00e9ste es un laboratorio de innovaci\u00f3n social. Pero es una innovaci\u00f3n social que quiere conectar a las personas con su historia, su presente y sobre todo su futuro. Y que quiere animar a entender mejor el rol de los seres humanos y el rol del resto de los seres vivos, aprender de un pasado apasionante que no se puede cambiar, pero la experiencia del pasado ayuda a tener un mejor futuro\u201d.<\/p>\n\n\n\n<p>Entre las personalidades que participaron de la actividad, estuvieron Michael Kosterlitz, f\u00edsico brit\u00e1nico y premio nobel de f\u00edsica el a\u00f1o 2016; Richard Dawkins divulgador cient\u00edfico y que en su obra El gen ego\u00edsta de 1976, populariz\u00f3 la visi\u00f3n evolutiva enfocada en los genes e introdujo los t\u00e9rminos meme y mem\u00e9tica; M\u00f3nica Araya, experta en cambio clim\u00e1tico y fundadora de Costa Rica Limpia y Catherine Cesarsk, astr\u00f3noma y ex directora del observatorio ALMA. &nbsp;&nbsp;&nbsp;&nbsp;&nbsp;&nbsp;&nbsp;&nbsp;&nbsp;<\/p>\n","protected":false},"excerpt":{"rendered":"<p>En el marco de la extensi\u00f3n en Punta Arenas del Congreso del Futuro, un grupo de expositores, autoridades e invitados especiales visitaron el Parque del Estrecho de Magallanes dentro de&#8230; <a class=\"read-more\" href=\"https:\/\/www.radiopresidenteibanez.cl\/web\/expositores-del-congreso-del-futuro-visitan-el-parque-del-estrecho\/\">Leer m\u00e1s<\/a><\/p>\n","protected":false},"author":2,"featured_media":425,"comment_status":"closed","ping_status":"closed","sticky":false,"template":"","format":"standard","meta":{"footnotes":""},"categories":[1],"tags":[],"class_list":["post-424","post","type-post","status-publish","format-standard","has-post-thumbnail","hentry","category-cronica"],"_links":{"self":[{"href":"https:\/\/www.radiopresidenteibanez.cl\/web\/wp-json\/wp\/v2\/posts\/424","targetHints":{"allow":["GET"]}}],"collection":[{"href":"https:\/\/www.radiopresidenteibanez.cl\/web\/wp-json\/wp\/v2\/posts"}],"about":[{"href":"https:\/\/www.radiopresidenteibanez.cl\/web\/wp-json\/wp\/v2\/types\/post"}],"author":[{"embeddable":true,"href":"https:\/\/www.radiopresidenteibanez.cl\/web\/wp-json\/wp\/v2\/users\/2"}],"replies":[{"embeddable":true,"href":"https:\/\/www.radiopresidenteibanez.cl\/web\/wp-json\/wp\/v2\/comments?post=424"}],"version-history":[{"count":0,"href":"https:\/\/www.radiopresidenteibanez.cl\/web\/wp-json\/wp\/v2\/posts\/424\/revisions"}],"wp:featuredmedia":[{"embeddable":true,"href":"https:\/\/www.radiopresidenteibanez.cl\/web\/wp-json\/wp\/v2\/media\/425"}],"wp:attachment":[{"href":"https:\/\/www.radiopresidenteibanez.cl\/web\/wp-json\/wp\/v2\/media?parent=424"}],"wp:term":[{"taxonomy":"category","embeddable":true,"href":"https:\/\/www.radiopresidenteibanez.cl\/web\/wp-json\/wp\/v2\/categories?post=424"},{"taxonomy":"post_tag","embeddable":true,"href":"https:\/\/www.radiopresidenteibanez.cl\/web\/wp-json\/wp\/v2\/tags?post=424"}],"curies":[{"name":"wp","href":"https:\/\/api.w.org\/{rel}","templated":true}]}}