{"id":42398,"date":"2023-08-30T14:53:00","date_gmt":"2023-08-30T17:53:00","guid":{"rendered":"https:\/\/www.radiopresidenteibanez.cl\/web\/?p=42398"},"modified":"2023-08-30T11:04:39","modified_gmt":"2023-08-30T14:04:39","slug":"se-constituye-directorio-del-chic-con-miembros-de-universidades-nacionales-internacionales-y-sector-privado","status":"publish","type":"post","link":"https:\/\/www.radiopresidenteibanez.cl\/web\/se-constituye-directorio-del-chic-con-miembros-de-universidades-nacionales-internacionales-y-sector-privado\/","title":{"rendered":"SE CONSTITUYE DIRECTORIO DEL CHIC CON MIEMBROS DE UNIVERSIDADES NACIONALES INTERNACIONALES Y SECTOR PRIVADO"},"content":{"rendered":"\n<p>Este mi\u00e9rcoles 23 de agosto se conform\u00f3 el directorio de la Fundaci\u00f3n&nbsp;del&nbsp;<a href=\"https:\/\/centrocabodehornos.com\/\" target=\"_blank\" rel=\"noreferrer noopener\">Centro<\/a><a href=\"https:\/\/centrocabodehornos.com\/\" target=\"_blank\" rel=\"noreferrer noopener\">&nbsp;<\/a><a href=\"https:\/\/centrocabodehornos.com\/\" target=\"_blank\" rel=\"noreferrer noopener\">Internacional Cabo de Hornos (CHIC, por sus siglas en ingl\u00e9s<\/a>). Esta fecha representa un hito clave y remarca el compromiso que tiene el centro con la descentralizaci\u00f3n de la ciencia y el trabajo colaborativo con su&nbsp; instituci\u00f3n albergante, .<a href=\"http:\/\/www.umag.cl\/\" target=\"_blank\" rel=\"noreferrer noopener\">Universidad de Magallanes<\/a>.<\/p>\n\n\n\n<p>El CHIC es un centro financiado por la Agencia Nacional de Investigaci\u00f3n y Desarrollo (<a href=\"https:\/\/anid.cl\/\" target=\"_blank\" rel=\"noreferrer noopener\">ANID<\/a>) y es parte de una red de instituciones: U. de Magallanes,&nbsp;<a href=\"https:\/\/www.uc.cl\/\" target=\"_blank\" rel=\"noreferrer noopener\">U.Cat\u00f3lica<\/a>,&nbsp;<a href=\"https:\/\/uchile.cl\/\" target=\"_blank\" rel=\"noreferrer noopener\">U. de Chile<\/a>,&nbsp;<a href=\"https:\/\/www.unt.edu\/index.html\" target=\"_blank\" rel=\"noreferrer noopener\">U. de North Texas<\/a>, entre otras. Para el presidente del directorio y director del CHIC, Ricardo Rozzi, con este paso \u201cse consolida la red de universidades, tal como se hace en la astronom\u00eda en el desierto de Atacama en que hay consorcios de universidades\u2026 aqu\u00ed se har\u00e1 con una lupa biocultural ubicada en, lo que metaf\u00f3ricamente llamamos, la cumbre austral de Am\u00e9rica con una ciencia colaborativa y con un consorcio de instituciones representadas en este directorio\u201d.<\/p>\n\n\n\n<p>La Universidad de Magallanes es la instituci\u00f3n que alberga a este centro basal y el rector Jos\u00e9 Maripani es el vicepresidente del directorio de la Fundaci\u00f3n CHIC. Al respecto, la autoridad acad\u00e9mica, resalt\u00f3 que \u201cesta primera sesi\u00f3n da inicio a una etapa que esperamos sea muy larga y fruct\u00edfera de desarrollo de este importante proyecto para nuestra regi\u00f3n\u201d. Junto con ello, valor\u00f3 la existencia del CHIC como \u201cuna tremenda oportunidad para nuestra universidad de ser una instituci\u00f3n que est\u00e1 involucrada en este proyecto que es basal y que es muy competitivo a nivel nacional e internacional\u201d.<\/p>\n\n\n\n<p>Para la directora alterna del CHIC e integrante del directorio, Lorena Medina,, la conformaci\u00f3n de esta instancia \u201cpermite mirar el horizonte de investigaci\u00f3n, desarrollo y transferencia del centro con un horizonte y camino de visi\u00f3n com\u00fan con foco en lo interdisciplinario y transdisciplinario. Con el objetivo de aportar al beneficio de la comunidad de Magallanes y del resto del pa\u00eds y el mundo. Todo esto ahora con una org\u00e1nica robusta y con participaci\u00f3n de una serie de entidades que han acordado un trabajo en conjunto para aportar a la soluci\u00f3n de problemas de cambio clim\u00e1tico\u201d.<\/p>\n\n\n\n<p>Una de las misiones del CHIC es generar conocimiento y transferir esa evidencia a la sociedad y al territorio. Es por esto que el directorio est\u00e1 conformado por universidades y el sector p\u00fablico &#8211; privado. Este \u00faltimo est\u00e1 representado por la empresaria de la zona, Andrea Pivcevic, en el \u00e1rea de turismo y \u201ctenemos, tambi\u00e9n, en el directorio a una integrante que tiene experiencia tanto con el mundo privado como p\u00fablico y est\u00e1 ubicada en Washington para proyectar internacionalmente al centro, Myriam G\u00f3mez\u201d, explica Rozzi.<\/p>\n\n\n\n<p>El directorio, adem\u00e1s, est\u00e1 conformado por representantes nacionales e internacionales, lo que demuestra \u201clo que es posible realizar con este tipo de proyectos cient\u00edficos, acad\u00e9micos y con directo beneficio regional para el pa\u00eds y que nos pone en una vitrina internacional\u201d, explica la directora de empresas y ONGs, Myriam G\u00f3mez.<\/p>\n\n\n\n<p>Para G\u00f3mez, la conformaci\u00f3n del directorio es un paso importante porque es la confirmaci\u00f3n de un \u201cmodelo de colaboraci\u00f3n y trabajo conjunto p\u00fablico privado, nacional e internacional que puede replicarse en otras \u00e1reas estrat\u00e9gicas para el desarrollo nacional. \u00c9ste es un ejemplo que puede ser escalado y repetido en otros sectores a lo largo de nuestro pa\u00eds\u201d.<\/p>\n","protected":false},"excerpt":{"rendered":"<p>Este mi\u00e9rcoles 23 de agosto se conform\u00f3 el directorio de la Fundaci\u00f3n&nbsp;del&nbsp;Centro&nbsp;Internacional Cabo de Hornos (CHIC, por sus siglas en ingl\u00e9s). Esta fecha representa un hito clave y remarca el&#8230; <a class=\"read-more\" href=\"https:\/\/www.radiopresidenteibanez.cl\/web\/se-constituye-directorio-del-chic-con-miembros-de-universidades-nacionales-internacionales-y-sector-privado\/\">Leer m\u00e1s<\/a><\/p>\n","protected":false},"author":2,"featured_media":42399,"comment_status":"closed","ping_status":"closed","sticky":false,"template":"","format":"standard","meta":{"footnotes":""},"categories":[1],"tags":[],"class_list":["post-42398","post","type-post","status-publish","format-standard","has-post-thumbnail","hentry","category-cronica"],"_links":{"self":[{"href":"https:\/\/www.radiopresidenteibanez.cl\/web\/wp-json\/wp\/v2\/posts\/42398","targetHints":{"allow":["GET"]}}],"collection":[{"href":"https:\/\/www.radiopresidenteibanez.cl\/web\/wp-json\/wp\/v2\/posts"}],"about":[{"href":"https:\/\/www.radiopresidenteibanez.cl\/web\/wp-json\/wp\/v2\/types\/post"}],"author":[{"embeddable":true,"href":"https:\/\/www.radiopresidenteibanez.cl\/web\/wp-json\/wp\/v2\/users\/2"}],"replies":[{"embeddable":true,"href":"https:\/\/www.radiopresidenteibanez.cl\/web\/wp-json\/wp\/v2\/comments?post=42398"}],"version-history":[{"count":0,"href":"https:\/\/www.radiopresidenteibanez.cl\/web\/wp-json\/wp\/v2\/posts\/42398\/revisions"}],"wp:featuredmedia":[{"embeddable":true,"href":"https:\/\/www.radiopresidenteibanez.cl\/web\/wp-json\/wp\/v2\/media\/42399"}],"wp:attachment":[{"href":"https:\/\/www.radiopresidenteibanez.cl\/web\/wp-json\/wp\/v2\/media?parent=42398"}],"wp:term":[{"taxonomy":"category","embeddable":true,"href":"https:\/\/www.radiopresidenteibanez.cl\/web\/wp-json\/wp\/v2\/categories?post=42398"},{"taxonomy":"post_tag","embeddable":true,"href":"https:\/\/www.radiopresidenteibanez.cl\/web\/wp-json\/wp\/v2\/tags?post=42398"}],"curies":[{"name":"wp","href":"https:\/\/api.w.org\/{rel}","templated":true}]}}