{"id":42392,"date":"2023-08-30T12:23:00","date_gmt":"2023-08-30T15:23:00","guid":{"rendered":"https:\/\/www.radiopresidenteibanez.cl\/web\/?p=42392"},"modified":"2023-08-30T09:54:27","modified_gmt":"2023-08-30T12:54:27","slug":"municipalidades-de-rio-verde-y-laguna-blanca-lideran-operativo-de-fiscalizacion-en-ruta","status":"publish","type":"post","link":"https:\/\/www.radiopresidenteibanez.cl\/web\/municipalidades-de-rio-verde-y-laguna-blanca-lideran-operativo-de-fiscalizacion-en-ruta\/","title":{"rendered":"MUNICIPALIDADES DE RIO VERDE Y LAGUNA BLANCA LIDERAN OPERATIVO DE FISCALIZACION EN RUTA"},"content":{"rendered":"\n<p>El pasado viernes<br>25 de agosto de 2023, se realiz\u00f3 el Operativo Intercomunal de Fiscalizaci\u00f3n en<br>Ruta, instancia liderada por las Municipalidades de R\u00edo Verde y Laguna Blanca<br>y que ten\u00edan como finalidad realizar acciones de Control, Fiscalizaci\u00f3n y<br>entrega de informaci\u00f3n a veh\u00edculos que transitaran por los 3 puntos<br>designados: Ex ret\u00e9n Kon Aiken, Puente Chorrillo Vapor (R\u00edo Verde) y Villa<br>Tehuelches (Laguna Blanca).<br>Esta instancia recibi\u00f3 el importante apoyo de la Delegaci\u00f3n Presidencial,<br>Carabineros, Senda, Direcci\u00f3n de Vialidad del MOP, Conaf, Transporte y<br>Telecomunicaciones, Subsecretar\u00eda de Prevenci\u00f3n del Delito y SAG, quienes<br>se desplegaron en los 3 puntos antes se\u00f1alados.<br>Al respecto, la alcaldesa de R\u00edo Verde Sabina Ballesteros Vargas, sostuvo que<br>\u201ceste operativo nace en el Consejo Intercomunal de Seguridad P\u00fablica que<br>tenemos junto a la comuna de Laguna Blanca, con el alcalde Fernando, y la<br>verdad que agradecida tambi\u00e9n de la gesti\u00f3n de todas las instituciones, desde<br>la Delegaci\u00f3n Presidencial hasta los Carabineros de Chile, Senda, Conaf y a<br>todos quienes nos han apoyado a gestionar este operativo que tiene distintos<br>puntos, tanto en Laguna Blanca, aqu\u00ed en Kon Aiken y tambi\u00e9n en R\u00edo Verde.<br>Para nosotros es importante sensibilizar y por supuesto ir por la conducci\u00f3n<br>segura, pero tambi\u00e9n velar por otro tipo de cosas que suceden en nuestras<br>rutas, tanto en la comuna de Laguna Blanca como en R\u00edo Verde\u201d.<br>Por su parte, en representaci\u00f3n de la Municipalidad de Laguna Blanca, el<br>funcionario Fernando Colivoro, coment\u00f3 que \u201cindicar que esto, como dec\u00eda la<br>alcaldesa, est\u00e1 dentro de nuestro Plan Intercomunal de Seguridad P\u00fablica de<br>Laguna Blanca y R\u00edo Verde, donde tenemos planificadas varias fiscalizaciones<br>durante el a\u00f1o, esta viene siendo como la segunda o tercera ya que hemos<br>hecho. Esta vez, en 3 puntos el mismo d\u00eda, aqu\u00ed en Kon Aiken, la Y-50 (R\u00edo<br>Verde) y en el sector de Villa Tehuelche. Agradecer tambi\u00e9n las coordinaciones<\/p>\n\n\n\n<p>que han realizado la coordinaci\u00f3n regional de Seguridad P\u00fablica junto a<br>Delegaci\u00f3n Presidencial, donde hay un trabajo de prevenci\u00f3n y de fiscalizaci\u00f3n<br>que se ha solicitado por parte de los municipios\u201d.<br>A su vez, el Delegado Presidencial de Magallanes y de la Ant\u00e1rtica Chilena,<br>Jos\u00e9 Ruiz Pivcevic, explic\u00f3 que \u201ces una importante fiscalizaci\u00f3n en distintos<br>puntos de la Provincia (Magallanes). Ac\u00e1 estamos en la comuna de Punta<br>Arenas (Kon Aiken), y a la vez tambi\u00e9n hay fiscalizaciones en las comunas de<br>R\u00edo Verde y Laguna Blanca, donde estamos con distintas instituciones. Por<br>cierto, las respectivas municipalidades, el SAG, Conaf, Carabineros, Vialidad y<br>esto se enmarca en un compromiso entre los planes intercomunales de<br>Seguridad P\u00fablica, donde no solamente se tocan los problemas priorizados de<br>la estrategia regional de desarrollo como la ley de infracci\u00f3n de drogas y el<br>alcohol, sino que tambi\u00e9n se levantan problemas como la conducci\u00f3n<br>temeraria, la sobrecarga de camiones. Es por eso, que estamos ac\u00e1<br>fiscalizando con todas las instituciones. Quiero recalcar el trabajo<br>interinstitucional, que no solamente levantan los problemas, sino que tambi\u00e9n<br>ejerce acciones concretas para la fiscalizaci\u00f3n\u201d.<br>Por \u00faltimo, el Subcomisario de R\u00edo Seco, Teniente V\u00edctor Martinangeli, afirm\u00f3<br>que \u201cefectivamente estamos el d\u00eda de hoy ac\u00e1 para poder fiscalizar y controlar<br>camiones, buses y veh\u00edculos particulares, esto con la finalidad de poder<br>cooperar y poder brindar mayor seguridad a la ciudadan\u00eda, poder estar<br>presente en diferentes partes de la ruta. Como mencionaba la alcaldesa de R\u00edo<br>Verde, estamos puestos en diferentes puntos de fiscalizaci\u00f3n, ya sea en R\u00edo<br>Verde, Laguna Blanca y ac\u00e1 en el sector Kon Aiken, esto con la finalidad de<br>aumentar la sensaci\u00f3n de seguridad que mantienen las personas en la ciudad<br>de Punta Arenas, en la ciudad de Puerto Natales y tambi\u00e9n en la comuna de<br>R\u00edo Verde. Estamos muy satisfechos por el trabajo que estamos haciendo el<br>d\u00eda de hoy, as\u00ed que obviamente con los \u00f3rganos p\u00fablicos que se mantienen el<br>d\u00eda de hoy en conjunto con nosotros, vamos a fiscalizar y controlar a todos los<br>veh\u00edculos que pasen por el lugar\u201d.<br>Se\u00f1alar que este operativo comenz\u00f3 cerca de las 14:30 horas y se prolong\u00f3<br>hasta cerca de las 20:00 horas en los 3 sectores antes mencionados.<\/p>\n","protected":false},"excerpt":{"rendered":"<p>El pasado viernes25 de agosto de 2023, se realiz\u00f3 el Operativo Intercomunal de Fiscalizaci\u00f3n enRuta, instancia liderada por las Municipalidades de R\u00edo Verde y Laguna Blancay que ten\u00edan como finalidad&#8230; <a class=\"read-more\" href=\"https:\/\/www.radiopresidenteibanez.cl\/web\/municipalidades-de-rio-verde-y-laguna-blanca-lideran-operativo-de-fiscalizacion-en-ruta\/\">Leer m\u00e1s<\/a><\/p>\n","protected":false},"author":2,"featured_media":42393,"comment_status":"closed","ping_status":"closed","sticky":false,"template":"","format":"standard","meta":{"footnotes":""},"categories":[1],"tags":[],"class_list":["post-42392","post","type-post","status-publish","format-standard","has-post-thumbnail","hentry","category-cronica"],"_links":{"self":[{"href":"https:\/\/www.radiopresidenteibanez.cl\/web\/wp-json\/wp\/v2\/posts\/42392","targetHints":{"allow":["GET"]}}],"collection":[{"href":"https:\/\/www.radiopresidenteibanez.cl\/web\/wp-json\/wp\/v2\/posts"}],"about":[{"href":"https:\/\/www.radiopresidenteibanez.cl\/web\/wp-json\/wp\/v2\/types\/post"}],"author":[{"embeddable":true,"href":"https:\/\/www.radiopresidenteibanez.cl\/web\/wp-json\/wp\/v2\/users\/2"}],"replies":[{"embeddable":true,"href":"https:\/\/www.radiopresidenteibanez.cl\/web\/wp-json\/wp\/v2\/comments?post=42392"}],"version-history":[{"count":0,"href":"https:\/\/www.radiopresidenteibanez.cl\/web\/wp-json\/wp\/v2\/posts\/42392\/revisions"}],"wp:featuredmedia":[{"embeddable":true,"href":"https:\/\/www.radiopresidenteibanez.cl\/web\/wp-json\/wp\/v2\/media\/42393"}],"wp:attachment":[{"href":"https:\/\/www.radiopresidenteibanez.cl\/web\/wp-json\/wp\/v2\/media?parent=42392"}],"wp:term":[{"taxonomy":"category","embeddable":true,"href":"https:\/\/www.radiopresidenteibanez.cl\/web\/wp-json\/wp\/v2\/categories?post=42392"},{"taxonomy":"post_tag","embeddable":true,"href":"https:\/\/www.radiopresidenteibanez.cl\/web\/wp-json\/wp\/v2\/tags?post=42392"}],"curies":[{"name":"wp","href":"https:\/\/api.w.org\/{rel}","templated":true}]}}