{"id":42365,"date":"2023-08-29T15:17:09","date_gmt":"2023-08-29T18:17:09","guid":{"rendered":"https:\/\/www.radiopresidenteibanez.cl\/web\/?p=42365"},"modified":"2023-08-29T15:17:15","modified_gmt":"2023-08-29T18:17:15","slug":"laboratorio-clinico-y-unidad-de-medicina-transfusional-del-hospital-de-natales-realizo-curso-de-actualizacion-e-implementacion-en-nuevas-tecnicas","status":"publish","type":"post","link":"https:\/\/www.radiopresidenteibanez.cl\/web\/laboratorio-clinico-y-unidad-de-medicina-transfusional-del-hospital-de-natales-realizo-curso-de-actualizacion-e-implementacion-en-nuevas-tecnicas\/","title":{"rendered":"LABORATORIO CLINICO Y UNIDAD DE MEDICINA TRANSFUSIONAL DEL HOSPITAL DE NATALES REALIZO CURSO DE ACTUALIZACION E IMPLEMENTACION EN NUEVAS TECNICAS"},"content":{"rendered":"\n<p>En el marco del Plan Anual de Capacitaci\u00f3n (PAC) destinado a la formaci\u00f3n y<br>preparaci\u00f3n de funcionarios al interior de los recintos hospitalarios, el \u00e1rea de<br>Laboratorio Cl\u00ednico y Unidad de Medicina Transfusional del Hospital de Natales<br>llev\u00f3 a cabo la primera jornada destinada a funcionarios\/as cl\u00ednicos y no<br>cl\u00ednicos correspondiente a la actualizaci\u00f3n e implementaci\u00f3n en nuevas<br>t\u00e9cnicas de Laboratorio Cl\u00ednico y rotaci\u00f3n del personal de toma de muestras.<br>En la instancia participaron m\u00e1s de 50 funcionarios\/as del \u00e1rea cl\u00ednica y no<br>cl\u00ednica de diversos estamentos del recinto hospitalario, como lo fue Base SAMU<br>Natales; Ginecolog\u00eda y Obstetricia, M\u00e9dico Quir\u00fargico, Pensionado de<br>Pediatr\u00eda, Hospital de D\u00eda, CAE, Servicio de Urgencia, UPC y Laboratorio.<br>En ese sentido, el jefe supervisor de Laboratorio Cl\u00ednico y UMT, Ren\u00e9 Silva,<br>se\u00f1al\u00f3 que \u201cestas instancias son sumamente importantes para unificar<br>criterios dentro de la comunidad hospitalaria, lo cual nos permite en adelante<br>seguir asegurando los procesos y fortaleciendo estos mismos a trav\u00e9s de la<br>inducci\u00f3n, formaci\u00f3n y capacitaci\u00f3n por parte de nuestros propios<br>profesionales\u201d.<\/p>\n\n\n\n<p>Adem\u00e1s, agreg\u00f3 que \u201cen esta oportunidad se abordaron temas principales de<br>todas las \u00e1reas de laboratorio cl\u00ednico como lo fue qu\u00edmica cl\u00ednica, biolog\u00eda<br>molecular y microbiolog\u00eda, la cual fue de gran importancia para formaci\u00f3n y<br>preparaci\u00f3n de los asistentes\u201d, indic\u00f3 el jefe supervisor.<br>A su vez, Hisgliandy Fuentes, tecn\u00f3loga m\u00e9dica de Laboratorio Cl\u00ednico y UMT,<br>mencion\u00f3 que \u201cla realizaci\u00f3n de estas capacitaciones surgi\u00f3 desde el a\u00f1o<br>pasado como una necesidad que pudimos detectar como servicio de informar<br>y visualizar el trabajo que se realiza a diario para con el resto de los<br>funcionarios del establecimiento, as\u00ed que decidimos postular a un proyecto<br>PAC para la asignaci\u00f3n de fondos por parte del Servicio de Salud Magallanes<br>(SSM)\u201d, finaliz\u00f3.<\/p>\n","protected":false},"excerpt":{"rendered":"<p>En el marco del Plan Anual de Capacitaci\u00f3n (PAC) destinado a la formaci\u00f3n ypreparaci\u00f3n de funcionarios al interior de los recintos hospitalarios, el \u00e1rea deLaboratorio Cl\u00ednico y Unidad de Medicina&#8230; <a class=\"read-more\" href=\"https:\/\/www.radiopresidenteibanez.cl\/web\/laboratorio-clinico-y-unidad-de-medicina-transfusional-del-hospital-de-natales-realizo-curso-de-actualizacion-e-implementacion-en-nuevas-tecnicas\/\">Leer m\u00e1s<\/a><\/p>\n","protected":false},"author":2,"featured_media":42366,"comment_status":"closed","ping_status":"closed","sticky":false,"template":"","format":"standard","meta":{"footnotes":""},"categories":[1],"tags":[],"class_list":["post-42365","post","type-post","status-publish","format-standard","has-post-thumbnail","hentry","category-cronica"],"_links":{"self":[{"href":"https:\/\/www.radiopresidenteibanez.cl\/web\/wp-json\/wp\/v2\/posts\/42365","targetHints":{"allow":["GET"]}}],"collection":[{"href":"https:\/\/www.radiopresidenteibanez.cl\/web\/wp-json\/wp\/v2\/posts"}],"about":[{"href":"https:\/\/www.radiopresidenteibanez.cl\/web\/wp-json\/wp\/v2\/types\/post"}],"author":[{"embeddable":true,"href":"https:\/\/www.radiopresidenteibanez.cl\/web\/wp-json\/wp\/v2\/users\/2"}],"replies":[{"embeddable":true,"href":"https:\/\/www.radiopresidenteibanez.cl\/web\/wp-json\/wp\/v2\/comments?post=42365"}],"version-history":[{"count":0,"href":"https:\/\/www.radiopresidenteibanez.cl\/web\/wp-json\/wp\/v2\/posts\/42365\/revisions"}],"wp:featuredmedia":[{"embeddable":true,"href":"https:\/\/www.radiopresidenteibanez.cl\/web\/wp-json\/wp\/v2\/media\/42366"}],"wp:attachment":[{"href":"https:\/\/www.radiopresidenteibanez.cl\/web\/wp-json\/wp\/v2\/media?parent=42365"}],"wp:term":[{"taxonomy":"category","embeddable":true,"href":"https:\/\/www.radiopresidenteibanez.cl\/web\/wp-json\/wp\/v2\/categories?post=42365"},{"taxonomy":"post_tag","embeddable":true,"href":"https:\/\/www.radiopresidenteibanez.cl\/web\/wp-json\/wp\/v2\/tags?post=42365"}],"curies":[{"name":"wp","href":"https:\/\/api.w.org\/{rel}","templated":true}]}}