{"id":42352,"date":"2023-08-29T12:32:00","date_gmt":"2023-08-29T15:32:00","guid":{"rendered":"https:\/\/www.radiopresidenteibanez.cl\/web\/?p=42352"},"modified":"2023-08-29T11:45:24","modified_gmt":"2023-08-29T14:45:24","slug":"municipio-de-primavera-cuenta-con-nuevo-camion-compactador-de-basura","status":"publish","type":"post","link":"https:\/\/www.radiopresidenteibanez.cl\/web\/municipio-de-primavera-cuenta-con-nuevo-camion-compactador-de-basura\/","title":{"rendered":"MUNICIPIO DE PRIMAVERA CUENTA CON NUEVO CAMI\u00d3N COMPACTADOR DE BASURA\u00a0"},"content":{"rendered":"\n<p>Se trata de un veh\u00edculo con capacidad de 15 metros c\u00fabicos, adquirido con fondos del Gobierno Regional de Magallanes y Ant\u00e1rtica Chilena, donde se postul\u00f3 el proyecto a la Circular 33 subt\u00edtulo 29 postulado por la Secplan del municipio. Este cami\u00f3n compactador viene a satisfacer una necesidad directa de nuestra comunidad, que es la disposici\u00f3n final de su basura domiciliaria, es por eso que desde el d\u00eda jueves de la semana pasada ya comenz\u00f3 la operaci\u00f3n este nuevo veh\u00edculo.<\/p>\n\n\n\n<p>El monto de la adquisici\u00f3n es de $152.974.500.- y la empresa adjudicada es Pesco (Pe\u00f1a Spoere y C\u00eda). Adem\u00e1s en su oferta, la empresa ofreci\u00f3 una capacitaci\u00f3n a los funcionarios de maestranza municipal la cual se desarroll\u00f3 el d\u00eda mi\u00e9rcoles en la Sede Comunitaria de Cerro Sombrero, sobre el uso del cami\u00f3n y b\u00e1sicamente el manejo de la caja compactadora.<\/p>\n\n\n\n<p>El veh\u00edculo hace su recorrido por la comuna los d\u00edas lunes y jueves para recolectar los desechos domiciliarios que deben ir correctamente empaquetados.<\/p>\n","protected":false},"excerpt":{"rendered":"<p>Se trata de un veh\u00edculo con capacidad de 15 metros c\u00fabicos, adquirido con fondos del Gobierno Regional de Magallanes y Ant\u00e1rtica Chilena, donde se postul\u00f3 el proyecto a la Circular&#8230; <a class=\"read-more\" href=\"https:\/\/www.radiopresidenteibanez.cl\/web\/municipio-de-primavera-cuenta-con-nuevo-camion-compactador-de-basura\/\">Leer m\u00e1s<\/a><\/p>\n","protected":false},"author":2,"featured_media":42353,"comment_status":"closed","ping_status":"closed","sticky":false,"template":"","format":"standard","meta":{"footnotes":""},"categories":[1],"tags":[],"class_list":["post-42352","post","type-post","status-publish","format-standard","has-post-thumbnail","hentry","category-cronica"],"_links":{"self":[{"href":"https:\/\/www.radiopresidenteibanez.cl\/web\/wp-json\/wp\/v2\/posts\/42352","targetHints":{"allow":["GET"]}}],"collection":[{"href":"https:\/\/www.radiopresidenteibanez.cl\/web\/wp-json\/wp\/v2\/posts"}],"about":[{"href":"https:\/\/www.radiopresidenteibanez.cl\/web\/wp-json\/wp\/v2\/types\/post"}],"author":[{"embeddable":true,"href":"https:\/\/www.radiopresidenteibanez.cl\/web\/wp-json\/wp\/v2\/users\/2"}],"replies":[{"embeddable":true,"href":"https:\/\/www.radiopresidenteibanez.cl\/web\/wp-json\/wp\/v2\/comments?post=42352"}],"version-history":[{"count":0,"href":"https:\/\/www.radiopresidenteibanez.cl\/web\/wp-json\/wp\/v2\/posts\/42352\/revisions"}],"wp:featuredmedia":[{"embeddable":true,"href":"https:\/\/www.radiopresidenteibanez.cl\/web\/wp-json\/wp\/v2\/media\/42353"}],"wp:attachment":[{"href":"https:\/\/www.radiopresidenteibanez.cl\/web\/wp-json\/wp\/v2\/media?parent=42352"}],"wp:term":[{"taxonomy":"category","embeddable":true,"href":"https:\/\/www.radiopresidenteibanez.cl\/web\/wp-json\/wp\/v2\/categories?post=42352"},{"taxonomy":"post_tag","embeddable":true,"href":"https:\/\/www.radiopresidenteibanez.cl\/web\/wp-json\/wp\/v2\/tags?post=42352"}],"curies":[{"name":"wp","href":"https:\/\/api.w.org\/{rel}","templated":true}]}}