{"id":42318,"date":"2023-08-28T12:41:00","date_gmt":"2023-08-28T15:41:00","guid":{"rendered":"https:\/\/www.radiopresidenteibanez.cl\/web\/?p=42318"},"modified":"2023-08-28T11:12:45","modified_gmt":"2023-08-28T14:12:45","slug":"hermanos-mayores-de-la-casa-del-samaritano-reciben-regalos-en-el-mes-de-la-solidaridad","status":"publish","type":"post","link":"https:\/\/www.radiopresidenteibanez.cl\/web\/hermanos-mayores-de-la-casa-del-samaritano-reciben-regalos-en-el-mes-de-la-solidaridad\/","title":{"rendered":"\u201cHERMANOS MAYORES\u201d DE LA CASA DEL SAMARITANO RECIBEN REGALOS EN EL MES DE LA SOLIDARIDAD"},"content":{"rendered":"\n<p>En el marco del Mes de la Solidaridad, festividad religiosa que conmemora la obra caritativa<br>de San Alberto Hurtado, el pasado jueves, representantes de la Pastoral Social de la Iglesia:<br>C\u00e1ritas Magallanes, visitaron la Casa del Samaritano, hogar para el adulto mayor que<br>alberga a cerca de 30 personas y que est\u00e1 bajo la tutela y administraci\u00f3n de la Fundaci\u00f3n<br>Para el Desarrollo de Magallanes, FIDE XII.<br>En la instancia, la pastoral entreg\u00f3 un regalo a cada uno de los residentes del hogar,<br>sumado a la alegr\u00eda y buenas conversaciones con los due\u00f1os de casa, los \u201chermanos<br>mayores\u201d, como se les llama afectuosamente en el hogar.<br>Al respecto, la directora de C\u00e1ritas Magallanes, Ana Isabel Iturra, detall\u00f3 que \u201cse les compr\u00f3<br>e hizo entrega de un conjunto de ropa que consiste en un pantal\u00f3n y una polera, cada una<br>con el nombre y la talla de cada adulto mayor. Las voluntarias tambi\u00e9n quisieron compartir<br>una tarde con ellos, para escucharlos, para acompa\u00f1arlos y compartir un poquito de sus<br>vidas. As\u00ed que ha sido muy entretenido, un momento muy agradable para ellos como para el<br>voluntariado. Estamos muy contentos por eso\u00bb.<br>Asimismo el director ejecutivo de FIDE XII, Reinaldo Leiva, destac\u00f3 que \u201cfue una linda<br>actividad y nuestros hermanos mayores quedaron muy contentos por los regalos. Es por<br>esto que como FIDE XII, estamos muy agradecidos de la pastoral que nuevamente ha<br>pensado en nosotros para conmemorar este Mes de la Solidaridad\u201d.<\/p>\n","protected":false},"excerpt":{"rendered":"<p>En el marco del Mes de la Solidaridad, festividad religiosa que conmemora la obra caritativade San Alberto Hurtado, el pasado jueves, representantes de la Pastoral Social de la Iglesia:C\u00e1ritas Magallanes,&#8230; <a class=\"read-more\" href=\"https:\/\/www.radiopresidenteibanez.cl\/web\/hermanos-mayores-de-la-casa-del-samaritano-reciben-regalos-en-el-mes-de-la-solidaridad\/\">Leer m\u00e1s<\/a><\/p>\n","protected":false},"author":2,"featured_media":42319,"comment_status":"closed","ping_status":"closed","sticky":false,"template":"","format":"standard","meta":{"footnotes":""},"categories":[1],"tags":[],"class_list":["post-42318","post","type-post","status-publish","format-standard","has-post-thumbnail","hentry","category-cronica"],"_links":{"self":[{"href":"https:\/\/www.radiopresidenteibanez.cl\/web\/wp-json\/wp\/v2\/posts\/42318","targetHints":{"allow":["GET"]}}],"collection":[{"href":"https:\/\/www.radiopresidenteibanez.cl\/web\/wp-json\/wp\/v2\/posts"}],"about":[{"href":"https:\/\/www.radiopresidenteibanez.cl\/web\/wp-json\/wp\/v2\/types\/post"}],"author":[{"embeddable":true,"href":"https:\/\/www.radiopresidenteibanez.cl\/web\/wp-json\/wp\/v2\/users\/2"}],"replies":[{"embeddable":true,"href":"https:\/\/www.radiopresidenteibanez.cl\/web\/wp-json\/wp\/v2\/comments?post=42318"}],"version-history":[{"count":0,"href":"https:\/\/www.radiopresidenteibanez.cl\/web\/wp-json\/wp\/v2\/posts\/42318\/revisions"}],"wp:featuredmedia":[{"embeddable":true,"href":"https:\/\/www.radiopresidenteibanez.cl\/web\/wp-json\/wp\/v2\/media\/42319"}],"wp:attachment":[{"href":"https:\/\/www.radiopresidenteibanez.cl\/web\/wp-json\/wp\/v2\/media?parent=42318"}],"wp:term":[{"taxonomy":"category","embeddable":true,"href":"https:\/\/www.radiopresidenteibanez.cl\/web\/wp-json\/wp\/v2\/categories?post=42318"},{"taxonomy":"post_tag","embeddable":true,"href":"https:\/\/www.radiopresidenteibanez.cl\/web\/wp-json\/wp\/v2\/tags?post=42318"}],"curies":[{"name":"wp","href":"https:\/\/api.w.org\/{rel}","templated":true}]}}