{"id":42315,"date":"2023-08-28T11:35:00","date_gmt":"2023-08-28T14:35:00","guid":{"rendered":"https:\/\/www.radiopresidenteibanez.cl\/web\/?p=42315"},"modified":"2023-08-28T10:39:25","modified_gmt":"2023-08-28T13:39:25","slug":"arquitecto-museologo-y-destacado-cineasta-realizan-charlas-en-el-marco-de-los-50-anos-del-golpe-militar","status":"publish","type":"post","link":"https:\/\/www.radiopresidenteibanez.cl\/web\/arquitecto-museologo-y-destacado-cineasta-realizan-charlas-en-el-marco-de-los-50-anos-del-golpe-militar\/","title":{"rendered":"ARQUITECTO MUSEOLOGO Y DESTACADO CINEASTA REALIZAN CHARLAS EN EL MARCO DE LOS 50 A\u00d1OS DEL GOLPE MILITAR"},"content":{"rendered":"\n<p>En conmemoraci\u00f3n de los 50 a\u00f1os del Golpe Militar en Chile, un grupo de ex prisioneras pol\u00edticas de Magallanes se une para fomentar la reflexi\u00f3n en torno a la memoria y los derechos humanos. Con el valioso respaldo de la Secretar\u00eda Regional Ministerial de las Culturas, las Artes y el Patrimonio de Magallanes y de la Ant\u00e1rtica Chilena, se han programado dos charlas magistrales de alta relevancia. Estos eventos se llevar\u00e1n a cabo el 25 de agosto y el 1 de septiembre, ambos a las 18:00 horas, en el Sal\u00f3n Ernesto Livacic de la Universidad de Magallanes (UMAG).<\/p>\n\n\n\n<p>La primera charla, titulada \u00abPatrimonio de los derechos humanos y memoria vinculados a sitios de memoria, museos y memoriales en Chile\u00bb, ser\u00e1 presentada por el arquitecto y muse\u00f3logo, Jorge Molina. En esta sesi\u00f3n, Molina explorar\u00e1 el concepto de \u00abcontra-monumento\u00bb y su aplicaci\u00f3n espec\u00edfica en la emblem\u00e1tica Casa de Col\u00f3n 636. Esta charla est\u00e1 especialmente dirigida a j\u00f3venes de organizaciones sociales y estudiantes.&nbsp;<\/p>\n\n\n\n<p>Al respecto, Jorge Molina precis\u00f3 que \u00bb&nbsp;La idea de contramonumento, concepto-palabra propuesto como lugar de reivindicaci\u00f3n discursiva,&nbsp;no pretende la superaci\u00f3n de la contradicci\u00f3n, el conflicto o la violencia, sino evocar las circunstancias, las condiciones o los hechos que las mantienen, incluso cuando todos creen estar en el tiempo de invisibilidad de la memoria.&nbsp;El contramonumento, en este sentido, es la oposici\u00f3n que queda contra la pretensi\u00f3n \u00faltima del victimario, que no es otra que hacerse due\u00f1o de una versi\u00f3n, de una narraci\u00f3n, de una parte, del relato que sobrevivir\u00e1 hacia el futuro, con lo cual aspirar\u00e1 a ser salvado por la historia o por quienes decidan escribirla\u201d.&nbsp;<\/p>\n\n\n\n<p>A su vez, precis\u00f3 que \u201cestos monumentos de resistencia no solo honran el pasado, sino que cuestionan y critican eventos hist\u00f3ricos, instigando reflexiones profundas sobre justicia, memoria y cambio social. As\u00ed, el contra-monumento nos impulsa a cuestionar, aprender y evolucionar a partir de nuestro legado\u201d, indic\u00f3.<\/p>\n\n\n\n<p>La segunda charla, \u00abLa representaci\u00f3n del dolor\u00bb, tendr\u00e1 lugar el viernes 1 de septiembre a las 18:00 horas, tambi\u00e9n en el Auditorio Ernesto Livacic, UMAG. El destacado cineasta Leonardo Medel Lizama liderar\u00e1 la clase, enfoc\u00e1ndose en la representaci\u00f3n del dolor experimentado por los sobrevivientes de la dictadura, y su impacto en generaciones posteriores y en el entorno familiar. Medel abordar\u00e1 la necesidad imperativa de representar un dolor inenarrable, pero crucial de exponer para prevenir la repetici\u00f3n de atrocidades hist\u00f3ricas. La charla analizar\u00e1 obras de artistas como Alfredo Jaar y la estrategia de Villa + Discurso, as\u00ed como tambi\u00e9n se reflexionar\u00e1 sobre los avances en la intervenci\u00f3n en Col\u00f3n 636.<\/p>\n\n\n\n<p>Ambas charlas son una oportunidad \u00fanica para adentrarse en la reflexi\u00f3n sobre la memoria, los derechos humanos y la representaci\u00f3n art\u00edstica en el contexto de un evento hist\u00f3rico tan trascendental.<\/p>\n\n\n\n<p><strong>\u201cLa conmemoraci\u00f3n de los 50 a\u00f1os del golpe militar es un recordatorio de nuestra historia, pero sobre todo es una interpelaci\u00f3n a nuestro accionar ante la fragilidad de la democracia en tanto el recuerdo del golpe de estado no ponga en valor las atrocidades cometidas por agentes del Estado en contra de compatriotas\u201d, expres\u00f3 Rosa Mar\u00eda Lizama, ex prisionera pol\u00edtica el a\u00f1o 1973, cuando cursaba tercero medio y ten\u00eda 16 a\u00f1os.&nbsp;<\/strong><\/p>\n\n\n\n<p><strong>De igual forma, Magda Ruiz, ex prisionera con 17 a\u00f1os al momento de su detenci\u00f3n, asegur\u00f3 que \u201cdespu\u00e9s de 50 a\u00f1os la justicia y la reparaci\u00f3n han sido esquivas, para quienes debiera ser un derecho, por eso es que nosotras llamamos profundizar en las reflexiones sobre los derechos humanos, en el contexto de la recuperaci\u00f3n de la Democracia, lo hacemos desde la academia con dos clases magistrales, lo hacemos desde lo social en conversatorios con la comunidad magall\u00e1nica y lo hacemos desde las expresiones art\u00edsticas visibilizado con proyecciones lum\u00ednicas la casa de torturas ubicada en La avenida Col\u00f3n 636\u201d.&nbsp;<\/strong><\/p>\n\n\n\n<p>Por su parte, Diego Garc\u00eda, seremi de las Culturas, las Artes y el Patrimonio de Magallanes declar\u00f3 que, \u00abrecuperar la memoria es esencial para la justicia y la construcci\u00f3n de una sociedad igualitaria. La memoria nos gu\u00eda hacia la verdad y nos previene de repetir errores hist\u00f3ricos. Es un deber moral y un paso fundamental hacia la reconciliaci\u00f3n y la garant\u00eda de que nunca m\u00e1s se repitan tales atrocidades. En ese sentido, Las expresiones art\u00edsticas y sus exponentes nos ayudan a visibilizar, reflexionar y asumir un rol activo en esta materia de profunda importancia para la sociedad\u201d.<\/p>\n","protected":false},"excerpt":{"rendered":"<p>En conmemoraci\u00f3n de los 50 a\u00f1os del Golpe Militar en Chile, un grupo de ex prisioneras pol\u00edticas de Magallanes se une para fomentar la reflexi\u00f3n en torno a la memoria&#8230; <a class=\"read-more\" href=\"https:\/\/www.radiopresidenteibanez.cl\/web\/arquitecto-museologo-y-destacado-cineasta-realizan-charlas-en-el-marco-de-los-50-anos-del-golpe-militar\/\">Leer m\u00e1s<\/a><\/p>\n","protected":false},"author":2,"featured_media":42316,"comment_status":"closed","ping_status":"closed","sticky":false,"template":"","format":"standard","meta":{"footnotes":""},"categories":[1],"tags":[],"class_list":["post-42315","post","type-post","status-publish","format-standard","has-post-thumbnail","hentry","category-cronica"],"_links":{"self":[{"href":"https:\/\/www.radiopresidenteibanez.cl\/web\/wp-json\/wp\/v2\/posts\/42315","targetHints":{"allow":["GET"]}}],"collection":[{"href":"https:\/\/www.radiopresidenteibanez.cl\/web\/wp-json\/wp\/v2\/posts"}],"about":[{"href":"https:\/\/www.radiopresidenteibanez.cl\/web\/wp-json\/wp\/v2\/types\/post"}],"author":[{"embeddable":true,"href":"https:\/\/www.radiopresidenteibanez.cl\/web\/wp-json\/wp\/v2\/users\/2"}],"replies":[{"embeddable":true,"href":"https:\/\/www.radiopresidenteibanez.cl\/web\/wp-json\/wp\/v2\/comments?post=42315"}],"version-history":[{"count":0,"href":"https:\/\/www.radiopresidenteibanez.cl\/web\/wp-json\/wp\/v2\/posts\/42315\/revisions"}],"wp:featuredmedia":[{"embeddable":true,"href":"https:\/\/www.radiopresidenteibanez.cl\/web\/wp-json\/wp\/v2\/media\/42316"}],"wp:attachment":[{"href":"https:\/\/www.radiopresidenteibanez.cl\/web\/wp-json\/wp\/v2\/media?parent=42315"}],"wp:term":[{"taxonomy":"category","embeddable":true,"href":"https:\/\/www.radiopresidenteibanez.cl\/web\/wp-json\/wp\/v2\/categories?post=42315"},{"taxonomy":"post_tag","embeddable":true,"href":"https:\/\/www.radiopresidenteibanez.cl\/web\/wp-json\/wp\/v2\/tags?post=42315"}],"curies":[{"name":"wp","href":"https:\/\/api.w.org\/{rel}","templated":true}]}}