{"id":42287,"date":"2023-08-26T17:22:00","date_gmt":"2023-08-26T20:22:00","guid":{"rendered":"https:\/\/www.radiopresidenteibanez.cl\/web\/?p=42287"},"modified":"2023-08-26T20:23:48","modified_gmt":"2023-08-26T23:23:48","slug":"aladino-carcamo-barria-q-e-p-d","status":"publish","type":"post","link":"https:\/\/www.radiopresidenteibanez.cl\/web\/aladino-carcamo-barria-q-e-p-d\/","title":{"rendered":"ALADINO CARCAMO BARRIA, Q.E.P.D"},"content":{"rendered":"\n<p>A los 81 a\u00f1os de edad falleci\u00f3 el recordado y querido radicontrolador Aladino C\u00e1rcamo, la noticia de su fallecimiento deja una gran pena en el mundo de las comunicaciones, especialmente en lo radial donde se desempe\u00f1o gran parte de su vida <\/p>\n\n\n\n<p>Sus restos est\u00e1n siendo velados en funerales Andana (Armando Sanhueza 298 esquina Maip\u00fa)<\/p>\n\n\n\n<p>Gerencia direcci\u00f3n y trabajadores de Radio Presidente Iba\u00f1ez, hacen llegar las mas sinceras y sentidas condolencias a su familia <\/p>\n\n\n\n<p>en el siguiente link se encuentra una celebraci\u00f3n del d\u00eda del trabajador radial <a rel=\"noreferrer noopener\" href=\"https:\/\/fb.watch\/mG3o-lK7T1\/\" target=\"_blank\">https:\/\/fb.watch\/mG3o-lK7T1\/<\/a><\/p>\n","protected":false},"excerpt":{"rendered":"<p>A los 81 a\u00f1os de edad falleci\u00f3 el recordado y querido radicontrolador Aladino C\u00e1rcamo, la noticia de su fallecimiento deja una gran pena en el mundo de las comunicaciones, especialmente&#8230; <a class=\"read-more\" href=\"https:\/\/www.radiopresidenteibanez.cl\/web\/aladino-carcamo-barria-q-e-p-d\/\">Leer m\u00e1s<\/a><\/p>\n","protected":false},"author":2,"featured_media":42288,"comment_status":"closed","ping_status":"closed","sticky":false,"template":"","format":"standard","meta":{"footnotes":""},"categories":[1],"tags":[],"class_list":["post-42287","post","type-post","status-publish","format-standard","has-post-thumbnail","hentry","category-cronica"],"_links":{"self":[{"href":"https:\/\/www.radiopresidenteibanez.cl\/web\/wp-json\/wp\/v2\/posts\/42287","targetHints":{"allow":["GET"]}}],"collection":[{"href":"https:\/\/www.radiopresidenteibanez.cl\/web\/wp-json\/wp\/v2\/posts"}],"about":[{"href":"https:\/\/www.radiopresidenteibanez.cl\/web\/wp-json\/wp\/v2\/types\/post"}],"author":[{"embeddable":true,"href":"https:\/\/www.radiopresidenteibanez.cl\/web\/wp-json\/wp\/v2\/users\/2"}],"replies":[{"embeddable":true,"href":"https:\/\/www.radiopresidenteibanez.cl\/web\/wp-json\/wp\/v2\/comments?post=42287"}],"version-history":[{"count":0,"href":"https:\/\/www.radiopresidenteibanez.cl\/web\/wp-json\/wp\/v2\/posts\/42287\/revisions"}],"wp:featuredmedia":[{"embeddable":true,"href":"https:\/\/www.radiopresidenteibanez.cl\/web\/wp-json\/wp\/v2\/media\/42288"}],"wp:attachment":[{"href":"https:\/\/www.radiopresidenteibanez.cl\/web\/wp-json\/wp\/v2\/media?parent=42287"}],"wp:term":[{"taxonomy":"category","embeddable":true,"href":"https:\/\/www.radiopresidenteibanez.cl\/web\/wp-json\/wp\/v2\/categories?post=42287"},{"taxonomy":"post_tag","embeddable":true,"href":"https:\/\/www.radiopresidenteibanez.cl\/web\/wp-json\/wp\/v2\/tags?post=42287"}],"curies":[{"name":"wp","href":"https:\/\/api.w.org\/{rel}","templated":true}]}}