{"id":42260,"date":"2023-08-25T15:43:00","date_gmt":"2023-08-25T18:43:00","guid":{"rendered":"https:\/\/www.radiopresidenteibanez.cl\/web\/?p=42260"},"modified":"2023-08-25T11:24:15","modified_gmt":"2023-08-25T14:24:15","slug":"seremi-de-salud-y-liceo-sara-braun-realizan-primera-feria-de-salud-cardiovascularpara-estudiantes-de-ensenanza-media","status":"publish","type":"post","link":"https:\/\/www.radiopresidenteibanez.cl\/web\/seremi-de-salud-y-liceo-sara-braun-realizan-primera-feria-de-salud-cardiovascularpara-estudiantes-de-ensenanza-media\/","title":{"rendered":"SEREMI DE SALUD Y LICEO SARA BRAUN REALIZAN PRIMERA FERIA DE SALUD CARDIOVASCULARPARA ESTUDIANTES DE ENSE\u00d1ANZA MEDIA"},"content":{"rendered":"\n<p>Durante esta jornada la Seremi de Salud Magallanes en conjunto con el Liceo Polivalente Sara<br>Braun realizaron la Primera Feria Cardiovascular destinada a estudiantes de educaci\u00f3n media<br>de liceos y colegios de Punta Arenas, denominada \u201cActiva Tu Coraz\u00f3n\u201d.<br>Esta actividad, que se realiz\u00f3 en el gimnasio del establecimiento, se enmarca en el mes del<br>Coraz\u00f3n y tuvo como finalidad informar y concientizar a los alumnos y alumnas sobre la<br>problem\u00e1tica de las Enfermedades Cardiovasculares (ECV), reforzando los factores<br>protectores para una vida adulta m\u00e1s saludable.<br>Las enfermedades cardiovasculares constituyen la primera causa de muerte en el Chile. Por<br>otro lado, la enfermedad isqu\u00e9mica card\u00edaca y el ataque cerebrovascular representaron el a\u00f1o<br>2019 el 20% del total de las defunciones del pa\u00eds.<br>La Seremi de Salud, Francisca Sanfuentes, se\u00f1al\u00f3 que \u201cestamos desarrollando distintas<br>actividades orientadas a la salud y a la prevenci\u00f3n de las enfermedades cardiovasculares, con<br>el objetivo de educar, dar a conocer y promover entre la comunidad joven factores de riesgo<br>cardiovascular que son prevenibles, que son modificables, y que tienen que ver con que a<br>edades tempranas podamos adquirir h\u00e1bitos saludables y protectores, por ejemplo, en<br>relaci\u00f3n a la alimentaci\u00f3n a la actividad f\u00edsica, al cuidado de la salud mental, entre otros. Los<br>j\u00f3venes y estudiantes pueden tambi\u00e9n ser promotores en sus contextos sociales, familiares,<br>de estos mismos estilos de vida saludables, que nosotros queremos promover\u201d.<br>La encargada del Programa Cardiovascular de la Seremi, B\u00e1rbara Vidal, indic\u00f3 que \u201cen la<br>regi\u00f3n de Magallanes tenemos una alta prevalencia de enfermedades cardiovasculares. Es<br>por eso la iniciativa de hacer esta Feria de Cardiovascular, orientada principalmente a<br>estudiantes de ense\u00f1anza media, grupo etario que en general no asiste regularmente a<br>controles de salud y ante lo cual se requieren estrategias de prevenci\u00f3n que permitan evitar el<br>desarrollo futuro de la enfermedad. Actualmente en la regi\u00f3n existen aproximadamente<br>veinticuatro mil personas bajo control dentro del programa cardiovascular, y de ellos,<br>diecisiete mil tienen diagn\u00f3stico de hipertensi\u00f3n arterial y diez mil de diabetes mellitus. Por lo<br>tanto, es importante realizar abordajes y estrategias que permitan prevenir este tipo de<br>enfermedades\u201d.<\/p>\n\n\n\n<p>La jefa de la unidad t\u00e9cnico pedag\u00f3gica del Liceo Polivalente Sara Braun, Lorena Bahamondez,<br>explic\u00f3 que \u201ccomo establecimiento educacional nosotros promovemos fuertemente la<br>formaci\u00f3n no solo en el \u00e1rea acad\u00e9mica, sino que tambi\u00e9n en el \u00e1rea t\u00e9cnico profesional, por<br>lo tanto, el poder ser parte de esta feria, sin duda alguna que nos llena de orgullo, y tambi\u00e9n<br>como proceso formativo para nuestros estudiantes de la especialidad de enfermer\u00eda y de<br>turismo, y por supuesto, que tambi\u00e9n nosotros hacemos extensible la invitaci\u00f3n al resto de los<br>establecimientos educacionales, porque el factor prevenci\u00f3n es fundamental. El avanzar en el<br>conocimiento va a hacer que ellos tambi\u00e9n fomenten la prevenci\u00f3n, conozcan los riesgos<br>asociados y comiencen a prevenirlos\u201d.<br>El Alcalde de Punta Arenas, Claudio Radonich, explic\u00f3 que \u201ceste es un gran trabajo colectivo<br>con salud, para difundir mensajes de cuidado, pues nuestra regi\u00f3n tiene \u00edndices negativos, por<br>ejemplo, obesidad infantil, ni\u00f1os con diabetes o hipertensi\u00f3n y son enfermedades que pueden<br>ser totalmente evitadas. \u00bfY esto que significa? M\u00e1s dependencia m\u00e9dica, una calidad de vida<br>que no es la \u00f3ptima en el futuro\u201d. Acot\u00f3, que \u201cestamos contentos de colaborar en una<br>instancia que tiene como objetivo informar y generar prevenci\u00f3n\u201d.<br>En tanto, la enfermera supervisora del CAE adulto del Hospital Cl\u00ednico de Magallanes, Lorena<br>Mill\u00e1n, explic\u00f3 que \u201ces importante generar conciencia del autocuidado en salud y as\u00ed conocer<br>nuestros n\u00fameros. \u00bfA qu\u00e9 me refiero con conocer los n\u00fameros? Cu\u00e1l es mi presi\u00f3n normal,<br>cu\u00e1l es mi glicemia normal, para poder de a poco ir tomando las decisiones sobre nuestra<br>salud\u201d.<br>La Feria Cardiovascular \u201cAct\u00edvate Tu Coraz\u00f3n\u201d fue visitada por aproximadamente trescientos<br>alumnos y alumnas de siete establecimientos de la ciudad (Liceo Polivalente Sara Braun,<br>INSAFA, Mar\u00eda Auxiliadora, Escuela Pedro Pablo Lemaitre, Liceo San Jos\u00e9, Instituto Don Bosco,<br>Liceo Luis Alberto Barrera).<br>Se cont\u00f3 con 17 stands a cargo de la Carrera Atenci\u00f3n a la Enfermer\u00eda y de T\u00e9cnico de Turismo<br>del Liceo Sara Braun, Cesfam Thomas Fenton, Divisi\u00f3n de instrucci\u00f3n de Sanidad del Hospital<br>FF.AA Cirujano Guzm\u00e1n y las carreras de Salud de la UMAG (Docentes y Estudiantes):<br>Medicina, Enfermer\u00eda, Kinesiolog\u00eda, Nutrici\u00f3n y Diet\u00e9tica, Fonoaudiolog\u00eda y Terapia<br>Ocupacional. Adem\u00e1s de un punto de vacunaci\u00f3n de Influenza y COVID-19 y test r\u00e1pido de VIH<br>a cargo de APS.<br>A su vez la participaci\u00f3n de los Programas del Departamento de Salud P\u00fabica de la Seremi:<br>Cardiovascular, C\u00e1ncer, Actividad F\u00edsica y Salud Mental. La jornada termin\u00f3 con una gran<br>zumbat\u00f3n a cargo del profesor Dani Daniel D\u00edaz.<\/p>\n","protected":false},"excerpt":{"rendered":"<p>Durante esta jornada la Seremi de Salud Magallanes en conjunto con el Liceo Polivalente SaraBraun realizaron la Primera Feria Cardiovascular destinada a estudiantes de educaci\u00f3n mediade liceos y colegios de&#8230; <a class=\"read-more\" href=\"https:\/\/www.radiopresidenteibanez.cl\/web\/seremi-de-salud-y-liceo-sara-braun-realizan-primera-feria-de-salud-cardiovascularpara-estudiantes-de-ensenanza-media\/\">Leer m\u00e1s<\/a><\/p>\n","protected":false},"author":2,"featured_media":42261,"comment_status":"closed","ping_status":"closed","sticky":false,"template":"","format":"standard","meta":{"footnotes":""},"categories":[1],"tags":[],"class_list":["post-42260","post","type-post","status-publish","format-standard","has-post-thumbnail","hentry","category-cronica"],"_links":{"self":[{"href":"https:\/\/www.radiopresidenteibanez.cl\/web\/wp-json\/wp\/v2\/posts\/42260","targetHints":{"allow":["GET"]}}],"collection":[{"href":"https:\/\/www.radiopresidenteibanez.cl\/web\/wp-json\/wp\/v2\/posts"}],"about":[{"href":"https:\/\/www.radiopresidenteibanez.cl\/web\/wp-json\/wp\/v2\/types\/post"}],"author":[{"embeddable":true,"href":"https:\/\/www.radiopresidenteibanez.cl\/web\/wp-json\/wp\/v2\/users\/2"}],"replies":[{"embeddable":true,"href":"https:\/\/www.radiopresidenteibanez.cl\/web\/wp-json\/wp\/v2\/comments?post=42260"}],"version-history":[{"count":0,"href":"https:\/\/www.radiopresidenteibanez.cl\/web\/wp-json\/wp\/v2\/posts\/42260\/revisions"}],"wp:featuredmedia":[{"embeddable":true,"href":"https:\/\/www.radiopresidenteibanez.cl\/web\/wp-json\/wp\/v2\/media\/42261"}],"wp:attachment":[{"href":"https:\/\/www.radiopresidenteibanez.cl\/web\/wp-json\/wp\/v2\/media?parent=42260"}],"wp:term":[{"taxonomy":"category","embeddable":true,"href":"https:\/\/www.radiopresidenteibanez.cl\/web\/wp-json\/wp\/v2\/categories?post=42260"},{"taxonomy":"post_tag","embeddable":true,"href":"https:\/\/www.radiopresidenteibanez.cl\/web\/wp-json\/wp\/v2\/tags?post=42260"}],"curies":[{"name":"wp","href":"https:\/\/api.w.org\/{rel}","templated":true}]}}