{"id":42257,"date":"2023-08-25T14:15:00","date_gmt":"2023-08-25T17:15:00","guid":{"rendered":"https:\/\/www.radiopresidenteibanez.cl\/web\/?p=42257"},"modified":"2023-08-25T11:19:41","modified_gmt":"2023-08-25T14:19:41","slug":"transversal-participacion-marco-primera-sesion-de-la-mesa-de-educacion-tecnico-profesional-de-magallanes","status":"publish","type":"post","link":"https:\/\/www.radiopresidenteibanez.cl\/web\/transversal-participacion-marco-primera-sesion-de-la-mesa-de-educacion-tecnico-profesional-de-magallanes\/","title":{"rendered":"TRANSVERSAL PARTICIPACION MARCO PRIMERA SESION DE LA MESA DE EDUCACION TECNICO PROFESIONAL DE MAGALLANES"},"content":{"rendered":"\n<p>A primera hora de este jueves (24 de agosto) sesion\u00f3 por primera vez en Punta Arenas, la<br>Mesa de Educaci\u00f3n T\u00e9cnico Profesional de Magallanes, instancia de di\u00e1logo organizada por el<br>CFT de Magallanes bajo el alero del Gobierno Regional, cuya finalidad es fortalecer desde el<br>\u00e1rea acad\u00e9mica la formaci\u00f3n del capital humano orientado al sector productivo energ\u00e9tico<br>vinculado al Hidr\u00f3geno Verde. La actividad cont\u00f3 con exposiciones de destacados<br>profesionales del \u00e1rea, el dialogo entre los integrantes de la mesa y la intervenci\u00f3n del p\u00fablico<br>asistente.<br>Transversalidad y relevancia fueron factores determinantes a la hora de convocar a los<br>integrantes del colegiado, destacando la participaci\u00f3n de las cuatro instituciones de educaci\u00f3n<br>superior que operan en la regi\u00f3n: la Etec de la Universidad de Magallanes, Inacap, Santo<br>Tom\u00e1s y el CFT de Magallanes. Asimismo, y con protagonismo en el di\u00e1logo, fueron<br>convocados los liceos de educaci\u00f3n t\u00e9cnica de la regi\u00f3n, entendiendo su rol fundamental en la<br>formaci\u00f3n TP.<br>En ese sentido, Jorge Cabezas, director del Liceo Industrial Armando Quezada Achar\u00e1n de<br>Punta Arenas, coment\u00f3: \u201cMe ha parecido muy bien conformada la mesa, con distintos tipos de<br>actores regionales que tienen que ver no solo con la industria directa del hidrogeno verde, sino<br>que tambi\u00e9n con el componente de la formaci\u00f3n t\u00e9cnico-profesional del capital humano (\u2026) el<br>aporte de los liceos en esta mesa es que el inicio, la base de la formaci\u00f3n est\u00e1 en los liceos TP,<br>y esto permitir\u00e1 que los estudiantes en el futuro contin\u00faen sus estudios en educaci\u00f3n<br>superior\u201d.<br>Por su parte, Manuel Far\u00edas, director de Educaci\u00f3n T\u00e9cnica y Trayectorias Formativas Laborales<br>de la Fundaci\u00f3n Chile, valor\u00f3 la instancia de di\u00e1logo. \u201cEstamos muy contentos de participar en<br>esta mesa regional para el hidr\u00f3geno verde, creo que es una iniciativa no solamente pionera,<br>sino que adem\u00e1s indispensable para llevar adelante una discusi\u00f3n y reflexi\u00f3n estrat\u00e9gica sobre<br>esta industria que se viene al pa\u00eds y especialmente a Magallanes. Creo que anticiparse, como lo<br>est\u00e1 haciendo la regi\u00f3n es una excelente decisi\u00f3n\u201d.<br>Similar valoraci\u00f3n le dio a la actividad la secretaria regional ministerial de Energ\u00eda, Mar\u00eda Luisa<br>Ojeda, subrayando: \u201cCreo que es una instancia muy importante, y una gran oportunidad para<br>ir asentando en la mesa, en acuerdo p\u00fablico-prtivados, lo que puede desarrollarse en la<br>educaci\u00f3n t\u00e9cnico-profesional, principalmente en los liceos TP de la regi\u00f3n y sus proyecciones<br>a futuro respecto al desarrollo de la industria del hidr\u00f3geno verde y tambi\u00e9n de las energ\u00eda<br>renovables, en c\u00f3mo van a portando a la descarbonizaci\u00f3n de nuestra matriz\u201d.<br>Cabe destacar que la Mesa de Educaci\u00f3n TP para h2V, forma parte de la ejecuci\u00f3n del<br>Convenio de Transferencia e Iniciativa FNDR del Gobierno Regional denominada \u201cCFT<br>Magallanes &#8211; Promoci\u00f3n de las inversiones de Magallanes\u201d (C\u00f3digo BIP 40045342-0), para el<br>diagn\u00f3stico y generaci\u00f3n de propuestas de valor destinadas a la educaci\u00f3n TP en el territorio,<br>fortaleciendo las oportunidades de cooperaci\u00f3n y desarrollo entre sus actores, a favor de la<\/p>\n\n\n\n<p>empleabilidad de sus egresados\/as y trayectorias formativas, frente a los desaf\u00edos que nos<br>presenta la industria del hidr\u00f3geno verde y su cadena de valor.<br>A esta primera actividad asistieron representantes de AHK Chile C\u00e1mara Chileno-Alemana de<br>Comercio e Industria, Asociaci\u00f3n Gremial de Productores de Hidr\u00f3geno Verde y sus Derivados<br>de Magallanes (H2V Magallanes AG), Astilleros y Maestranzas de la Armada, ASMAR<br>Magallanes, C\u00e1mara Chilena de la Construcci\u00f3n, Centro de Educaci\u00f3n Tecnol\u00f3gica CET-UMAG,<br>Centro de Estudios Recursos Energ\u00e9ticos CERE-UMAG, Colegio de Arquitectos de Chile,<br>Delegaci\u00f3n Zonal Magallanes, Colegio de Constructores Civiles e Ingenieros Constructores A.G.,<br>Consejo Regional Magallanes, Comisi\u00f3n del Sistema Nacional de Certificaci\u00f3n de Competencias<br>Laborales, Chile-Valora, Empresa de Electricidad de Magallanes (EDELMAG S.A.),<br>Confederaci\u00f3n de la Producci\u00f3n y el Comercio CPC Magallanes, Corporaci\u00f3n de Fomento de la<br>Producci\u00f3n (CORFO), Corporaci\u00f3n Educacional SOFOFA, Empresa Nacional del Petroleo (ENAP),<br>Empresa Portuaria Austral (EPA), Fundaci\u00f3n Chile, Gremio de Empresas para el Hidr\u00f3geno en<br>Magallanes (GEHMA), Instituto Don Bosco, Instituto Sagrada Familia, IP-CFT INACAP Punta<br>Arenas, IP-CFT Santo Tom\u00e1s Punta Arenas, Liceo Bicentenario Hernando de Magallanes, Liceo<br>Bicentenario Instituto Superior de Comercio INSUCO Punta Arenas, Liceo Bicentenario<br>Polit\u00e9cnico Luis Cruz Mart\u00ednez, Liceo Industrial Armando Quezada Achar\u00e1n, Liceo Polit\u00e9cnico<br>Cardenal Ra\u00fal Silva Henr\u00edquez, Liceo Polivalente Mar\u00eda Behety de Men\u00e9ndez, Liceo Polivalente<br>Sara Braun, Ministerio de Energ\u00ed, Observatorio Laboral SENCE Magallanes, ONG Canales, ONG<br>Nobeles Australes, RWE Renewables Chile SpA, Secretar\u00eda Regional Ministerial Educaci\u00f3n<br>(MINEDUC), Secretar\u00eda Regional Ministerial Energ\u00eda, Secretar\u00eda Regional Ministerial Obras<br>P\u00fablicas (MOP), Servicio de Cooperaci\u00f3n T\u00e9cnica (SERCOTEC), Servicio Local de Educaci\u00f3n<br>P\u00fablica Magallanes (SLEP), Servicio Nacional de Capacitaci\u00f3n y Empleo (SENCE), Ultramar<br>Agencia Maritima, Universidad Metropolitana de Ciencias de la Educaci\u00f3n (UMCE),<br>Departamento de Formaci\u00f3n Pedag\u00f3gica, Facultad de Filosof\u00eda y Educaci\u00f3n.<\/p>\n","protected":false},"excerpt":{"rendered":"<p>A primera hora de este jueves (24 de agosto) sesion\u00f3 por primera vez en Punta Arenas, laMesa de Educaci\u00f3n T\u00e9cnico Profesional de Magallanes, instancia de di\u00e1logo organizada por elCFT de&#8230; <a class=\"read-more\" href=\"https:\/\/www.radiopresidenteibanez.cl\/web\/transversal-participacion-marco-primera-sesion-de-la-mesa-de-educacion-tecnico-profesional-de-magallanes\/\">Leer m\u00e1s<\/a><\/p>\n","protected":false},"author":2,"featured_media":42258,"comment_status":"closed","ping_status":"closed","sticky":false,"template":"","format":"standard","meta":{"footnotes":""},"categories":[1],"tags":[],"class_list":["post-42257","post","type-post","status-publish","format-standard","has-post-thumbnail","hentry","category-cronica"],"_links":{"self":[{"href":"https:\/\/www.radiopresidenteibanez.cl\/web\/wp-json\/wp\/v2\/posts\/42257","targetHints":{"allow":["GET"]}}],"collection":[{"href":"https:\/\/www.radiopresidenteibanez.cl\/web\/wp-json\/wp\/v2\/posts"}],"about":[{"href":"https:\/\/www.radiopresidenteibanez.cl\/web\/wp-json\/wp\/v2\/types\/post"}],"author":[{"embeddable":true,"href":"https:\/\/www.radiopresidenteibanez.cl\/web\/wp-json\/wp\/v2\/users\/2"}],"replies":[{"embeddable":true,"href":"https:\/\/www.radiopresidenteibanez.cl\/web\/wp-json\/wp\/v2\/comments?post=42257"}],"version-history":[{"count":0,"href":"https:\/\/www.radiopresidenteibanez.cl\/web\/wp-json\/wp\/v2\/posts\/42257\/revisions"}],"wp:featuredmedia":[{"embeddable":true,"href":"https:\/\/www.radiopresidenteibanez.cl\/web\/wp-json\/wp\/v2\/media\/42258"}],"wp:attachment":[{"href":"https:\/\/www.radiopresidenteibanez.cl\/web\/wp-json\/wp\/v2\/media?parent=42257"}],"wp:term":[{"taxonomy":"category","embeddable":true,"href":"https:\/\/www.radiopresidenteibanez.cl\/web\/wp-json\/wp\/v2\/categories?post=42257"},{"taxonomy":"post_tag","embeddable":true,"href":"https:\/\/www.radiopresidenteibanez.cl\/web\/wp-json\/wp\/v2\/tags?post=42257"}],"curies":[{"name":"wp","href":"https:\/\/api.w.org\/{rel}","templated":true}]}}