{"id":4218,"date":"2019-05-14T18:35:59","date_gmt":"2019-05-14T18:35:59","guid":{"rendered":"http:\/\/www.radiopresidenteibanez.cl\/web\/?p=4218"},"modified":"2019-05-14T18:36:38","modified_gmt":"2019-05-14T18:36:38","slug":"ps-pr-pdc-y-ppd-se-refieren-a-situacion-de-la-salida-del-pc-desde-la-oposicion-regional","status":"publish","type":"post","link":"https:\/\/www.radiopresidenteibanez.cl\/web\/ps-pr-pdc-y-ppd-se-refieren-a-situacion-de-la-salida-del-pc-desde-la-oposicion-regional\/","title":{"rendered":"PS, PR, PDC Y PPD SE REFIEREN A SITUACI\u00d3N DE LA SALIDA DEL PC DESDE LA OPOSICI\u00d3N REGIONAL"},"content":{"rendered":"\n<p>Ante la sorpresiva y desconcertante decisi\u00f3n que adopt\u00f3 el\npresidente regional del Partido Comunista de abandonar la mesa de coordinaci\u00f3n\nde partidos de oposici\u00f3n; el Partido Radical, Partido Socialista, Partido Por\nla Democracia y Partido Dem\u00f3crata Cristiano, en conjunto, declaramos a la\nopini\u00f3n p\u00fablica lo siguiente:<\/p>\n\n\n\n<ol class=\"wp-block-list\"><li>Reivindicamos\nla Elecci\u00f3n Primaria Legal, fechada para el 7 de junio de 2020, como mecanismo\ndemocr\u00e1tico para dirimir un liderazgo \u00fanico del sector; que emerja de todas las\ncandidaturas competitivas que para entonces existan en la oposici\u00f3n, tanto en\nla elecci\u00f3n in\u00e9dita por la Gobernaci\u00f3n Regional, como tambi\u00e9n para la elecci\u00f3n de\nAlcaldes.<\/li><\/ol>\n\n\n\n<ul class=\"wp-block-list\"><li>A\npartir de ello, la candidatura que resulte electa en la primaria ser\u00e1\nresponsable de encabezar un proceso de convergencia de toda la oposici\u00f3n, con\nun programa \u00fanico para la regi\u00f3n. Las fuerzas pol\u00edticas del sector, tendr\u00e1n el\ndeber de formar parte activa en la campa\u00f1a buscando asegurar el triunfo de\nnuestras candidaturas en las elecciones decisivas, programadas para fines de octubre\nde 2020.<\/li><\/ul>\n\n\n\n<ul class=\"wp-block-list\"><li>Respecto\ndel programa \u00fanico para la regi\u00f3n; es de p\u00fablico conocimiento, que el documento\nest\u00e1 siendo trabajado desde octubre 2018, y cuenta, desde entonces, con hitos de\nparticipaci\u00f3n, que han estado abiertos a la ciudadan\u00eda. La unidad opositora, que\nfue lograda en este proceso, la dot\u00f3 de una identidad propia y aut\u00f3noma que le\nvali\u00f3 el reconocimiento, por su desarrollo particular y distintivo, a nivel\nnacional. <\/li><\/ul>\n\n\n\n<p>Por todo lo anterior, rechazamos de manera categ\u00f3rica el contenido esgrimido y la forma que ha escogido el presidente regional del Partido Comunista para alejarse de este proceso del cual ha formado parte, sin ning\u00fan tipo de exclusi\u00f3n; y lo instamos a transparentar las verdaderas motivaciones que lo animan a descolgarse de la unidad regional; a sabiendas que m\u00e1s temprano que tarde, nos encontraremos en una misma senda de cambio, que impulse nuestro desarrollo regional con justicia social, cooperaci\u00f3n econ\u00f3mica y sustentabilidad ambiental.<\/p>\n","protected":false},"excerpt":{"rendered":"<p>Ante la sorpresiva y desconcertante decisi\u00f3n que adopt\u00f3 el presidente regional del Partido Comunista de abandonar la mesa de coordinaci\u00f3n de partidos de oposici\u00f3n; el Partido Radical, Partido Socialista, Partido&#8230; <a class=\"read-more\" href=\"https:\/\/www.radiopresidenteibanez.cl\/web\/ps-pr-pdc-y-ppd-se-refieren-a-situacion-de-la-salida-del-pc-desde-la-oposicion-regional\/\">Leer m\u00e1s<\/a><\/p>\n","protected":false},"author":2,"featured_media":4219,"comment_status":"closed","ping_status":"closed","sticky":false,"template":"","format":"standard","meta":{"footnotes":""},"categories":[1],"tags":[],"class_list":["post-4218","post","type-post","status-publish","format-standard","has-post-thumbnail","hentry","category-cronica"],"_links":{"self":[{"href":"https:\/\/www.radiopresidenteibanez.cl\/web\/wp-json\/wp\/v2\/posts\/4218","targetHints":{"allow":["GET"]}}],"collection":[{"href":"https:\/\/www.radiopresidenteibanez.cl\/web\/wp-json\/wp\/v2\/posts"}],"about":[{"href":"https:\/\/www.radiopresidenteibanez.cl\/web\/wp-json\/wp\/v2\/types\/post"}],"author":[{"embeddable":true,"href":"https:\/\/www.radiopresidenteibanez.cl\/web\/wp-json\/wp\/v2\/users\/2"}],"replies":[{"embeddable":true,"href":"https:\/\/www.radiopresidenteibanez.cl\/web\/wp-json\/wp\/v2\/comments?post=4218"}],"version-history":[{"count":0,"href":"https:\/\/www.radiopresidenteibanez.cl\/web\/wp-json\/wp\/v2\/posts\/4218\/revisions"}],"wp:featuredmedia":[{"embeddable":true,"href":"https:\/\/www.radiopresidenteibanez.cl\/web\/wp-json\/wp\/v2\/media\/4219"}],"wp:attachment":[{"href":"https:\/\/www.radiopresidenteibanez.cl\/web\/wp-json\/wp\/v2\/media?parent=4218"}],"wp:term":[{"taxonomy":"category","embeddable":true,"href":"https:\/\/www.radiopresidenteibanez.cl\/web\/wp-json\/wp\/v2\/categories?post=4218"},{"taxonomy":"post_tag","embeddable":true,"href":"https:\/\/www.radiopresidenteibanez.cl\/web\/wp-json\/wp\/v2\/tags?post=4218"}],"curies":[{"name":"wp","href":"https:\/\/api.w.org\/{rel}","templated":true}]}}