{"id":42174,"date":"2023-08-23T15:14:00","date_gmt":"2023-08-23T18:14:00","guid":{"rendered":"https:\/\/www.radiopresidenteibanez.cl\/web\/?p=42174"},"modified":"2023-08-23T10:28:14","modified_gmt":"2023-08-23T13:28:14","slug":"minvu-informa-a-agrupaciones-disposicion-de-entidades-patrocinantes-para-el-desarrollo-de-proyectos-habitacionales-en-punta-arenas","status":"publish","type":"post","link":"https:\/\/www.radiopresidenteibanez.cl\/web\/minvu-informa-a-agrupaciones-disposicion-de-entidades-patrocinantes-para-el-desarrollo-de-proyectos-habitacionales-en-punta-arenas\/","title":{"rendered":"MINVU INFORMA A AGRUPACIONES DISPOSICION DE ENTIDADES PATROCINANTES PARA EL DESARROLLO DE PROYECTOS HABITACIONALES EN PUNTA ARENAS"},"content":{"rendered":"\n<p>Los encuentros se organizaron con tres agrupaciones en cada oportunidad, de manera exponer en detalle la disponibilidad de las Entidades Patrocinantes activas en la comuna, Salfa Austral y Ebco. Adem\u00e1s, se entregaron orientaciones a cada directiva en relaci\u00f3n a los pasos a cumplir para la postulaci\u00f3n a subsidios para viviendas sin deuda a trav\u00e9s del Programa Fondo Solidario de Elecci\u00f3n de Vivienda, regido por el Decreto Supremo N\u00b049.<\/p>\n\n\n\n<p>De las nueve agrupaciones que no cuentan con Entidad Patrocinante y que solicitaron una intermediaci\u00f3n al Gobierno Regional y al Minvu, la mayor\u00eda se conformaron el 2021 ante un llamado masivo a inscripciones efectuado por la Municipalidad de Punta Arenas, sin contar a la fecha con un proyecto desarrollado por la entidad patrocinante de dicho organismo.<\/p>\n\n\n\n<p>El<strong>&nbsp;Seremi Marco Uribe Saldivia<\/strong>, se\u00f1al\u00f3&nbsp;<strong>\u201cSe les inform\u00f3 a las directivas la disposici\u00f3n de las Entidades Patrocinantes Ebco y Salfa Austral, de recibir a las agrupaciones y atender a las familias que cumplan con los requisitos del Programa Fondo Solidario de Elecci\u00f3n de Vivienda, seg\u00fan la cabida de sus terrenos y considerando la urgencia habitacional de los integrantes de cada grupo. Una vez que conozcan las alternativas, las agrupaciones decidir\u00e1n si ingresan de manera paulatina a los proyectos de viviendas o departamentos que las entidades patrocinantes se encuentran en condiciones de presentar a postulaci\u00f3n en el corto plazo o contin\u00faan con su conformaci\u00f3n original esperando un proyecto que d\u00e9 cabida a la totalidad de sus integrantes\u201d.<\/strong><\/p>\n\n\n\n<p>En la capital regional, las entidades patrocinantes Ebco y Salfa Austral, cuentan con capacidad de atender a mil familias en proyectos de casas y a 400 familias en proyectos de departamentos en altura, asociados al programa Fondo Solidario de Elecci\u00f3n de Vivienda. A esto se suma la cabida para alrededor de mil viviendas y departamentos en conjuntos habitacionales integrados para sectores medios y vulnerables en el terreno de 17 hect\u00e1reas de propiedad del Serviu donde se dise\u00f1a el Plan Urbano Habitacional.<\/p>\n\n\n\n<p>Respecto a la continuidad del trabajo con cada agrupaci\u00f3n, la&nbsp;<strong>Directora Regional del Serviu,<\/strong>&nbsp;<strong>Mar\u00eda Luz Gajardo Salazar&nbsp;<\/strong>inform\u00f3<strong>&nbsp;\u201cEstamos contentos de Haber comprometido un acompa\u00f1amiento cercano y la conformaci\u00f3n de una instancia de trabajo que nos permita seguir colaborando para la obtenci\u00f3n de la vivienda de las familias agrupadas en estos comit\u00e9s y lo que hemos se\u00f1alado en concreto es que queremos reunirnos con ellas en promedio cada 45 d\u00edas de modo de colaborar y supervisar el trabajo que vayan realizando en conjunto con las entidades patrocinantes a las que eventualmente se liguen las familias que pertenecen a estas agrupaciones\u201d.<\/strong><\/p>\n\n\n\n<p>Las reuniones se realizaron el 14 de agosto con las directivas de las agrupaciones \u201cAntu kuyen\u201d, \u201cEsperanza\u201d y \u201cSue\u00f1os patag\u00f3nicos\u201d; el 16 de agosto con \u201cInsuco 1\u201d, \u201cInsuco 4\u201d, \u201cInsuco 5\u201d; y el 21 de agosto con \u201cInsuco 6\u201d, \u201cInsuco 7\u201d y \u201cRescatando Vidas 2\u201d.<strong><\/strong><\/p>\n\n\n\n<p>Sobre los planteamientos y el acuerdo de seguimiento peri\u00f3dico de sus avances, el<strong>&nbsp;presidente de la agrupaci\u00f3n de vivienda Insuco 4, Claudio Barr\u00eda Barrientos<\/strong>, expres\u00f3&nbsp;<strong>\u201cHa sido s\u00faper positivo, es una instancia que est\u00e1bamos buscando y la necesit\u00e1bamos. Tener claridad, ideas y que nos gu\u00eden en el camino correcto para salir de la incertidumbre que nosotros ten\u00edamos. Con esto le daremos un poco m\u00e1s de tranquilidad a las familias, a toda la gente, a los adultos mayores que est\u00e1n detr\u00e1s de nosotros, que van saliendo frutos del trabajo que estamos haciendo desde el d\u00eda uno hasta el d\u00eda de hoy\u201d.<\/strong><\/p>\n","protected":false},"excerpt":{"rendered":"<p>Los encuentros se organizaron con tres agrupaciones en cada oportunidad, de manera exponer en detalle la disponibilidad de las Entidades Patrocinantes activas en la comuna, Salfa Austral y Ebco. Adem\u00e1s,&#8230; <a class=\"read-more\" href=\"https:\/\/www.radiopresidenteibanez.cl\/web\/minvu-informa-a-agrupaciones-disposicion-de-entidades-patrocinantes-para-el-desarrollo-de-proyectos-habitacionales-en-punta-arenas\/\">Leer m\u00e1s<\/a><\/p>\n","protected":false},"author":2,"featured_media":42175,"comment_status":"closed","ping_status":"closed","sticky":false,"template":"","format":"standard","meta":{"footnotes":""},"categories":[1],"tags":[],"class_list":["post-42174","post","type-post","status-publish","format-standard","has-post-thumbnail","hentry","category-cronica"],"_links":{"self":[{"href":"https:\/\/www.radiopresidenteibanez.cl\/web\/wp-json\/wp\/v2\/posts\/42174","targetHints":{"allow":["GET"]}}],"collection":[{"href":"https:\/\/www.radiopresidenteibanez.cl\/web\/wp-json\/wp\/v2\/posts"}],"about":[{"href":"https:\/\/www.radiopresidenteibanez.cl\/web\/wp-json\/wp\/v2\/types\/post"}],"author":[{"embeddable":true,"href":"https:\/\/www.radiopresidenteibanez.cl\/web\/wp-json\/wp\/v2\/users\/2"}],"replies":[{"embeddable":true,"href":"https:\/\/www.radiopresidenteibanez.cl\/web\/wp-json\/wp\/v2\/comments?post=42174"}],"version-history":[{"count":0,"href":"https:\/\/www.radiopresidenteibanez.cl\/web\/wp-json\/wp\/v2\/posts\/42174\/revisions"}],"wp:featuredmedia":[{"embeddable":true,"href":"https:\/\/www.radiopresidenteibanez.cl\/web\/wp-json\/wp\/v2\/media\/42175"}],"wp:attachment":[{"href":"https:\/\/www.radiopresidenteibanez.cl\/web\/wp-json\/wp\/v2\/media?parent=42174"}],"wp:term":[{"taxonomy":"category","embeddable":true,"href":"https:\/\/www.radiopresidenteibanez.cl\/web\/wp-json\/wp\/v2\/categories?post=42174"},{"taxonomy":"post_tag","embeddable":true,"href":"https:\/\/www.radiopresidenteibanez.cl\/web\/wp-json\/wp\/v2\/tags?post=42174"}],"curies":[{"name":"wp","href":"https:\/\/api.w.org\/{rel}","templated":true}]}}