{"id":42153,"date":"2023-08-22T18:46:00","date_gmt":"2023-08-22T21:46:00","guid":{"rendered":"https:\/\/www.radiopresidenteibanez.cl\/web\/?p=42153"},"modified":"2023-08-22T16:04:32","modified_gmt":"2023-08-22T19:04:32","slug":"trabajadores-y-trabajadoras-del-mall-espacio-urbano-se-certificaron-como-facilitadores-comunitario-en-prevencion-del-suicidio","status":"publish","type":"post","link":"https:\/\/www.radiopresidenteibanez.cl\/web\/trabajadores-y-trabajadoras-del-mall-espacio-urbano-se-certificaron-como-facilitadores-comunitario-en-prevencion-del-suicidio\/","title":{"rendered":"TRABAJADORES Y TRABAJADORAS DEL MALL ESPACIO URBANO SE CERTIFICARON COMO FACILITADORES COMUNITARIO EN PREVENCI\u00d3N DEL SUICIDIO"},"content":{"rendered":"\n<p>En el marco de la Estrategia Construyendo Salud Mental, 15 trabajadoras y trabajadores de empresas asociadas del Mall Espacio Urbano Pionero se certificaron como facilitadores Comunitarios en Prevenci\u00f3n de Suicidio.<\/p>\n\n\n\n<p>Esta capacitaci\u00f3n realizada por las profesionales de la Unidad de Salud Mental de la Seremi, la psic\u00f3loga Maribel Bustos y la enfermera Carolina Ulloa, responde a un compromiso adquirido con la Subsecretaria de Salud P\u00fablica, Andrea Albagli, en junio pasado, al concretarse la firma de un compromiso regional por la salud mental en Magallanes, la cual cont\u00f3 con la participaci\u00f3n de instituciones p\u00fablicas y representantes del sector privado.<\/p>\n\n\n\n<p>En este sentido, la enfermera Carolina Ulloa, explic\u00f3, que con este taller \u201ciniciamos este convenio con el Mall Espacio Urbano en relaci\u00f3n al trabajo que vamos a tener sobre la salud mental y prevenci\u00f3n del suicidio, abordando conceptos claves de lo que es la salud mental y definiciones que la poblaci\u00f3n muchas veces desconoce. Se dieron a conocer tambi\u00e9n estad\u00edsticas en relaci\u00f3n a los intentos de suicidio a nivel regional y como trabajar estrategias de prevenci\u00f3n al interior de sus espacios laborales\u201d.<\/p>\n\n\n\n<p>Acot\u00f3 que los participantes recibieron tambi\u00e9n conceptos relacionados con factores de riesgo y protectores para la salud mental. A su vez, se\u00f1ales de alerta de conducta suicida, c\u00f3mo responder a estas y cu\u00e1ndo es necesario derivar. \u201cDimos pie para que los asistentes al taller en forma pr\u00e1ctica dieran una primera ayuda psicol\u00f3gica con los funcionarios que trabajan en el mall y que se pudiesen ver expuestos a una situaci\u00f3n de crisis, o c\u00f3mo aportar, dentro de sus posibilidades, ante alg\u00fan cliente que estuviera en viviendo una situaci\u00f3n cr\u00edtica para generar calma\u201d.<\/p>\n\n\n\n<p>La Seremi de Salud Francisca Sanfuentes explic\u00f3 que \u201cen el marco del plan construyendo salud mental que impulsa el Gobierno del Presidente Gabriel Boric, y tambi\u00e9n como parte de los lazos de cooperaci\u00f3n que estamos estableciendo con distintas instituciones, tanto p\u00fablicas como privadas, para trabajar temas de salud mental y, en particular de prevenci\u00f3n de suicidio, hoy d\u00eda hemos dado t\u00e9rmino a una actividad que se ha realizado con funcionarios de las distintas empresas e instituciones que trabajan aqu\u00ed en el Mall Espacio Urbano en esta tem\u00e1tica y en herramientas para detecci\u00f3n de situaciones de riesgo y prevenci\u00f3n de suicidio. Estamos muy contentos por la participaci\u00f3n que han tenido, y tambi\u00e9n porque ha sido muy bien valorada esta actividad, la que vamos a seguir replicando en otros espacios y en otras instancias para continuar dando a conocer, fortaleciendo las herramientas que tengamos como comunidad en esta tem\u00e1tica\u201d.<\/p>\n\n\n\n<p>La Center Manager de Mall Espacio Urbano Pionero, Ecmar Rada, se\u00f1al\u00f3 que es sumamente importante contar con esta capacitaci\u00f3n, \u201cde hecho fui una de las precursoras de llevarla a cabo pues no sabemos en qu\u00e9 momento podemos necesitar herramientas para saber c\u00f3mo actuar en caso de este tipo de situaciones. Es una realidad que tenemos que afrontar y que todo un equipo que comprende el mall Espacio Urbano sea parte de esta capacitaci\u00f3n, es lo mejor que podr\u00eda haber pasado\u201d. En la jornada participaron tiendas anclas del mall, personal de aseo, de seguridad y de la administraci\u00f3n de este centro comercial.<\/p>\n\n\n\n<p>Uno de los participantes del taller, Freddy Tapia, jefe de seguridad Espacio Urbano, manifest\u00f3 que la capacitaci\u00f3n nos ha entregado una herramienta fundamental. \u201cCreo que hoy ha marcado un hito especial, sobre todo cuando tenemos la posibilidad de trabajar con muchos colaboradores. Las herramientas que hemos recibido hay que llevarlas a la pr\u00e1ctica. Son fundamentales en estos tiempos sobre todo las estad\u00edsticas de intentos de suicidio que nos dejan bastante preocupados\u201d, explic\u00f3.<\/p>\n","protected":false},"excerpt":{"rendered":"<p>En el marco de la Estrategia Construyendo Salud Mental, 15 trabajadoras y trabajadores de empresas asociadas del Mall Espacio Urbano Pionero se certificaron como facilitadores Comunitarios en Prevenci\u00f3n de Suicidio&#8230;. <a class=\"read-more\" href=\"https:\/\/www.radiopresidenteibanez.cl\/web\/trabajadores-y-trabajadoras-del-mall-espacio-urbano-se-certificaron-como-facilitadores-comunitario-en-prevencion-del-suicidio\/\">Leer m\u00e1s<\/a><\/p>\n","protected":false},"author":2,"featured_media":42154,"comment_status":"closed","ping_status":"closed","sticky":false,"template":"","format":"standard","meta":{"footnotes":""},"categories":[1],"tags":[],"class_list":["post-42153","post","type-post","status-publish","format-standard","has-post-thumbnail","hentry","category-cronica"],"_links":{"self":[{"href":"https:\/\/www.radiopresidenteibanez.cl\/web\/wp-json\/wp\/v2\/posts\/42153","targetHints":{"allow":["GET"]}}],"collection":[{"href":"https:\/\/www.radiopresidenteibanez.cl\/web\/wp-json\/wp\/v2\/posts"}],"about":[{"href":"https:\/\/www.radiopresidenteibanez.cl\/web\/wp-json\/wp\/v2\/types\/post"}],"author":[{"embeddable":true,"href":"https:\/\/www.radiopresidenteibanez.cl\/web\/wp-json\/wp\/v2\/users\/2"}],"replies":[{"embeddable":true,"href":"https:\/\/www.radiopresidenteibanez.cl\/web\/wp-json\/wp\/v2\/comments?post=42153"}],"version-history":[{"count":0,"href":"https:\/\/www.radiopresidenteibanez.cl\/web\/wp-json\/wp\/v2\/posts\/42153\/revisions"}],"wp:featuredmedia":[{"embeddable":true,"href":"https:\/\/www.radiopresidenteibanez.cl\/web\/wp-json\/wp\/v2\/media\/42154"}],"wp:attachment":[{"href":"https:\/\/www.radiopresidenteibanez.cl\/web\/wp-json\/wp\/v2\/media?parent=42153"}],"wp:term":[{"taxonomy":"category","embeddable":true,"href":"https:\/\/www.radiopresidenteibanez.cl\/web\/wp-json\/wp\/v2\/categories?post=42153"},{"taxonomy":"post_tag","embeddable":true,"href":"https:\/\/www.radiopresidenteibanez.cl\/web\/wp-json\/wp\/v2\/tags?post=42153"}],"curies":[{"name":"wp","href":"https:\/\/api.w.org\/{rel}","templated":true}]}}