{"id":42123,"date":"2023-08-21T15:33:00","date_gmt":"2023-08-21T18:33:00","guid":{"rendered":"https:\/\/www.radiopresidenteibanez.cl\/web\/?p=42123"},"modified":"2023-08-21T11:57:13","modified_gmt":"2023-08-21T14:57:13","slug":"senador-kusanovic-se-reune-con-director-de-intereses-maritimos-y-dirigentes-del-sindicato-de-pescadores-sur-austral-para-abordar-dificultades-que-afectan-a-la-pesca-artesanal-en-la-region","status":"publish","type":"post","link":"https:\/\/www.radiopresidenteibanez.cl\/web\/senador-kusanovic-se-reune-con-director-de-intereses-maritimos-y-dirigentes-del-sindicato-de-pescadores-sur-austral-para-abordar-dificultades-que-afectan-a-la-pesca-artesanal-en-la-region\/","title":{"rendered":"SENADOR KUSANOVIC SE REUNE CON DIRECTOR DE INTERESES MARITIMOS Y DIRIGENTES DEL SINDICATO DE PESCADORES SUR AUSTRAL PARA ABORDAR DIFICULTADES QUE AFECTAN A LA PESCA ARTESANAL EN LA REGION"},"content":{"rendered":"\n<p>Cita que fue posible concretar esta semana tras las gestiones del parlamentario, reuni\u00e9ndose con el Director de Intereses Mar\u00edtimos, el Contraalmirante Juan Gajardo Romero, a quien pudieron plantear le una serie de problem\u00e1ticas que enfrentan los pescadores artesanales, como la necesidad de incorporar ajustes a las evaluaciones que realiza la autoridad maritima a pescadores sin escolaridad, as\u00ed como coordinar el apoyo institucional para fomentar la nivelaci\u00f3n de estudios en la poblaci\u00f3n adulta que se desempe\u00f1a en la pesca artesanal, mejorando la coordinaci\u00f3n con la DIRECTEMAR y que, entre otros temas, dio cuenta Sandra Parancan, secretaria del Sindicato de trabajadores de buzos mariscadores, asistentes de buzos , patrones de pesca y pescadores artesanales Sur Austral, quien agradeci\u00f3 la instancia se\u00f1alando que \u201choy se ha dado un tremendo avance para mejorar la seguridad y calidad de vida de los pescadores artesanales de la regi\u00f3n gracias a la r\u00e1pida gesti\u00f3n del senador Kusanovic, quien ha demostrado un tremendo inter\u00e9s y compromiso para con el sector pesquero artesanal, coordinando un encuentro entre nuestro sindicato (el mayor de Punta Arenas) y el Almirante Gajardo, quien atendi\u00f3 las urgentes necesidades para mejorar el desarrollo de este importante sector.\u201d<\/p>\n\n\n\n<p>Kusanovic, manifest\u00f3 la necesidad de seguir trabajando y apoyando la pesca artesanal \u201chay que fomentar este sector que es muy relevante para la regi\u00f3n y que mejor que acercando a las autoridades que toman las decisiones frente a los problemas que les afectan. Por lo que agradezco la disponibilidad del Director, quien pudo reunirse con nosotros a pesar de su apretada agenda en la regi\u00f3n\u201d.<\/p>\n","protected":false},"excerpt":{"rendered":"<p>Cita que fue posible concretar esta semana tras las gestiones del parlamentario, reuni\u00e9ndose con el Director de Intereses Mar\u00edtimos, el Contraalmirante Juan Gajardo Romero, a quien pudieron plantear le una&#8230; <a class=\"read-more\" href=\"https:\/\/www.radiopresidenteibanez.cl\/web\/senador-kusanovic-se-reune-con-director-de-intereses-maritimos-y-dirigentes-del-sindicato-de-pescadores-sur-austral-para-abordar-dificultades-que-afectan-a-la-pesca-artesanal-en-la-region\/\">Leer m\u00e1s<\/a><\/p>\n","protected":false},"author":2,"featured_media":42124,"comment_status":"closed","ping_status":"closed","sticky":false,"template":"","format":"standard","meta":{"footnotes":""},"categories":[1],"tags":[],"class_list":["post-42123","post","type-post","status-publish","format-standard","has-post-thumbnail","hentry","category-cronica"],"_links":{"self":[{"href":"https:\/\/www.radiopresidenteibanez.cl\/web\/wp-json\/wp\/v2\/posts\/42123","targetHints":{"allow":["GET"]}}],"collection":[{"href":"https:\/\/www.radiopresidenteibanez.cl\/web\/wp-json\/wp\/v2\/posts"}],"about":[{"href":"https:\/\/www.radiopresidenteibanez.cl\/web\/wp-json\/wp\/v2\/types\/post"}],"author":[{"embeddable":true,"href":"https:\/\/www.radiopresidenteibanez.cl\/web\/wp-json\/wp\/v2\/users\/2"}],"replies":[{"embeddable":true,"href":"https:\/\/www.radiopresidenteibanez.cl\/web\/wp-json\/wp\/v2\/comments?post=42123"}],"version-history":[{"count":0,"href":"https:\/\/www.radiopresidenteibanez.cl\/web\/wp-json\/wp\/v2\/posts\/42123\/revisions"}],"wp:featuredmedia":[{"embeddable":true,"href":"https:\/\/www.radiopresidenteibanez.cl\/web\/wp-json\/wp\/v2\/media\/42124"}],"wp:attachment":[{"href":"https:\/\/www.radiopresidenteibanez.cl\/web\/wp-json\/wp\/v2\/media?parent=42123"}],"wp:term":[{"taxonomy":"category","embeddable":true,"href":"https:\/\/www.radiopresidenteibanez.cl\/web\/wp-json\/wp\/v2\/categories?post=42123"},{"taxonomy":"post_tag","embeddable":true,"href":"https:\/\/www.radiopresidenteibanez.cl\/web\/wp-json\/wp\/v2\/tags?post=42123"}],"curies":[{"name":"wp","href":"https:\/\/api.w.org\/{rel}","templated":true}]}}