{"id":42117,"date":"2023-08-21T12:50:00","date_gmt":"2023-08-21T15:50:00","guid":{"rendered":"https:\/\/www.radiopresidenteibanez.cl\/web\/?p=42117"},"modified":"2023-08-21T10:22:49","modified_gmt":"2023-08-21T13:22:49","slug":"se-establece-el-comite-operativo-del-parque-nacional-torres-del-paine-para-impulsar-el-turismo-invernal-2024","status":"publish","type":"post","link":"https:\/\/www.radiopresidenteibanez.cl\/web\/se-establece-el-comite-operativo-del-parque-nacional-torres-del-paine-para-impulsar-el-turismo-invernal-2024\/","title":{"rendered":"SE ESTABLECE EL COMITE OPERATIVO DEL PARQUE NACIONAL TORRES DEL PAINE PARA IMPULSAR EL TURISMO INVERNAL 2024"},"content":{"rendered":"\n<p>En respuesta a creciente aumento del turismo invernal, que ha ido en crecimiento continuo y considerando que es de vital importancia para la industria tur\u00edstica, se conform\u00f3 el Comit\u00e9 Operativo del Parque Nacional Torres del Paine.<\/p>\n\n\n\n<p>Este equipo , que nace con el prop\u00f3sito de unir fuerzas entre el sector p\u00fablico y privado para planificar y ejecutar una exitosa temporada de invierno en 2024, est\u00e1 compuesta por CONAF, SERNATUR, Delegaci\u00f3n Provincial de \u00daltima Esperanza, Municipalidad de Torres del Paine, C\u00e1mara de Turismo de \u00daltima Esperanza, Asociaci\u00f3n de Hoteles y Servicios Tur\u00edsticos de Torres del Paine y Austro Chile.<br><br>Esta uni\u00f3n sin precedentes entre organismos gubernamentales y actores privados, es un paso significativo hacia la consolidaci\u00f3n y fortalecimiento del turismo de invernal en la regi\u00f3n.<\/p>\n\n\n\n<p>Desde la Direcci\u00f3n Regional de Turismo de la Regi\u00f3n de Magallanes y Ant\u00e1rtica Chilena, V\u00edctor Rom\u00e1n manifest\u00f3: \u201cagradecemos y destacamos la excelente disposici\u00f3n y acogida en la regi\u00f3n de esta iniciativa, por parte de todas las organizaciones que formamos parte. El Comit\u00e9 Operativo de Turismo de Torres del Paine es un gran desaf\u00edo del trabajo coordinado y colaborativo entre instituciones p\u00fablicas y privadas en uno de los destinos m\u00e1s importante de nuestro pa\u00eds. El equipo de SERNATUR Magallanes asume este importante desaf\u00edo con responsabilidad, profesionalismo y disposici\u00f3n de trabajar para seguir aportando al desarrollo tur\u00edstico regional\u201d.<\/p>\n\n\n\n<p>Asimismo, la directora regional de CONAF, Alejandra Silva destac\u00f3 que \u201cla conformaci\u00f3n de esta mesa es muy relevante para CONAF porque nos permitir\u00e1 trabajar en conjunto con el sector privado en pos de un&nbsp; turismo m\u00e1s seguro, con respeto a la normativa tur\u00edstica y ambiental y poder alcanzar acuerdos para operar la pr\u00f3xima temporada de invierno en el Parque Nacional Torres del Paine. El trabajo que se nos viene es la&nbsp; evaluaci\u00f3n t\u00e9cnica del sendero Base Torres&nbsp; que se realizar\u00e1 en conjunto entre personal de CONAF y representantes de los gremios tur\u00edsticos, adem\u00e1s de la llegada de un especialista del Parque Nacional Patagonia para apoyar este trabajo\u201d.<\/p>\n\n\n\n<p>La mesa trabajar\u00e1 en conjunto para desarrollar procedimientos y directrices que permitan una temporada de invierno exitosa, &nbsp;as\u00ed como para promover el destino a nivel internacional.<\/p>\n\n\n\n<p>Silvia Mu\u00f1oz, gerente de la Asociaci\u00f3n Magall\u00e1nica de Empresas de Turismo, Austro Chile, expres\u00f3 que \u00abno fue una tarea sencilla lograr la uni\u00f3n de todos los actores esenciales para materializar este comit\u00e9. Sin embargo, ahora que est\u00e1 en marcha, es el momento de aprovechar esta oportunidad al m\u00e1ximo. Buscamos consolidar acuerdos concretos que impulsen un turismo de invierno seguro y con presencia internacional\u00bb.<\/p>\n\n\n\n<p>En tanto, Sara Adema, gerente de la Asociaci\u00f3n de Hoteles y Servicios Tur\u00edsticos de Torres del Paine, HYST, agreg\u00f3 que \u00abtrabajar en conjunto con el sector p\u00fablico en este tipo de iniciativas es de gran importancia para nosotros. Estas mesas de colaboraci\u00f3n fomentan la cohesi\u00f3n del sector y contribuyen a impulsar el turismo de invierno en Magallanes, al tiempo que refuerzan la seguridad de nuestros visitantes\u00bb.<\/p>\n\n\n\n<p>Para Adriana Aguilar, gerente de la C\u00e1mara de Turismo de \u00daltima Esperanza \u201cla coordinaci\u00f3n entre las diferentes instituciones p\u00fablicas es relevante, ya que ese respaldo a la inversi\u00f3n del sector privado permitir\u00e1 llegar al pr\u00f3ximo invierno con un destino tur\u00edstico mucho m\u00e1s preparado con un plan de operaciones tur\u00edsticas invernales que nos permita desarrollar experiencias tur\u00edsticas de calidad para los turistas que ya demostraron que nos quieren visitar en una de las estaciones m\u00e1s bellas del a\u00f1o. Garantizar el buen estado de las rutas, los accesos y habilitaci\u00f3n de los senderos y una buena promoci\u00f3n tur\u00edstica ser\u00e1 clave para mantener empleos en el sector turismo los 12 meses del a\u00f1o\u201d, puntualiz\u00f3.<\/p>\n\n\n\n<p><br>Es importante resaltar que el funcionamiento del comit\u00e9 marca un hito fundamental para la promoci\u00f3n y fortalecimiento del turismo de invernal, y as\u00ed romper con la estacionalidad en la regi\u00f3n, al tiempo que se garantiza el cumplimiento de est\u00e1ndares de seguridad internacionales.<\/p>\n","protected":false},"excerpt":{"rendered":"<p>En respuesta a creciente aumento del turismo invernal, que ha ido en crecimiento continuo y considerando que es de vital importancia para la industria tur\u00edstica, se conform\u00f3 el Comit\u00e9 Operativo&#8230; <a class=\"read-more\" href=\"https:\/\/www.radiopresidenteibanez.cl\/web\/se-establece-el-comite-operativo-del-parque-nacional-torres-del-paine-para-impulsar-el-turismo-invernal-2024\/\">Leer m\u00e1s<\/a><\/p>\n","protected":false},"author":2,"featured_media":42118,"comment_status":"closed","ping_status":"closed","sticky":false,"template":"","format":"standard","meta":{"footnotes":""},"categories":[1],"tags":[],"class_list":["post-42117","post","type-post","status-publish","format-standard","has-post-thumbnail","hentry","category-cronica"],"_links":{"self":[{"href":"https:\/\/www.radiopresidenteibanez.cl\/web\/wp-json\/wp\/v2\/posts\/42117","targetHints":{"allow":["GET"]}}],"collection":[{"href":"https:\/\/www.radiopresidenteibanez.cl\/web\/wp-json\/wp\/v2\/posts"}],"about":[{"href":"https:\/\/www.radiopresidenteibanez.cl\/web\/wp-json\/wp\/v2\/types\/post"}],"author":[{"embeddable":true,"href":"https:\/\/www.radiopresidenteibanez.cl\/web\/wp-json\/wp\/v2\/users\/2"}],"replies":[{"embeddable":true,"href":"https:\/\/www.radiopresidenteibanez.cl\/web\/wp-json\/wp\/v2\/comments?post=42117"}],"version-history":[{"count":0,"href":"https:\/\/www.radiopresidenteibanez.cl\/web\/wp-json\/wp\/v2\/posts\/42117\/revisions"}],"wp:featuredmedia":[{"embeddable":true,"href":"https:\/\/www.radiopresidenteibanez.cl\/web\/wp-json\/wp\/v2\/media\/42118"}],"wp:attachment":[{"href":"https:\/\/www.radiopresidenteibanez.cl\/web\/wp-json\/wp\/v2\/media?parent=42117"}],"wp:term":[{"taxonomy":"category","embeddable":true,"href":"https:\/\/www.radiopresidenteibanez.cl\/web\/wp-json\/wp\/v2\/categories?post=42117"},{"taxonomy":"post_tag","embeddable":true,"href":"https:\/\/www.radiopresidenteibanez.cl\/web\/wp-json\/wp\/v2\/tags?post=42117"}],"curies":[{"name":"wp","href":"https:\/\/api.w.org\/{rel}","templated":true}]}}