{"id":42056,"date":"2023-08-17T15:13:00","date_gmt":"2023-08-17T18:13:00","guid":{"rendered":"https:\/\/www.radiopresidenteibanez.cl\/web\/?p=42056"},"modified":"2023-08-17T12:26:13","modified_gmt":"2023-08-17T15:26:13","slug":"el-desconocido-rol-de-la-paloma-antartica-en-la-investigacion-de-los-nuevos-virus-que-llegan-al-continente-blanco","status":"publish","type":"post","link":"https:\/\/www.radiopresidenteibanez.cl\/web\/el-desconocido-rol-de-la-paloma-antartica-en-la-investigacion-de-los-nuevos-virus-que-llegan-al-continente-blanco\/","title":{"rendered":"EL DESCONOCIDO ROL DE LA PALOMA ANTARTICA EN LA INVESTIGACION DE LOS NUEVOS VIRUS QUE LLEGAN AL CONTINENTE BLANCO"},"content":{"rendered":"\n<p>La paloma ant\u00e1rtica es un ave voladora de color blanco, cuerpo robusto y rostro sin plumas que habita principalmente en regiones subant\u00e1rticas de Sudam\u00e9rica y en la pen\u00ednsula Ant\u00e1rtica. Esta especie se alimenta de animales muertos que pudieron o no haber muerto por infecciones y enfermedades, transform\u00e1ndose en un reciclador de la naturaleza.<\/p>\n\n\n\n<p>\u201cEsta habilidad le permite albergar en su flora intestinal una diversidad viral de todos los animales que consumi\u00f3. En nuestra investigaci\u00f3n logramos encontrar virus de algas, crust\u00e1ceos, mam\u00edferos marinos, aves e incluso virus humanos, que fueron obtenidos al comer desechos humanos como las heces\u201d, explica el Dr. Gonzalo Barriga Pinto, vir\u00f3logo del Instituto de Ciencias Biom\u00e9dicas de la Facultad de Medicina de la Universidad de Chile e investigador del Programa Nacional de Ciencia Ant\u00e1rtica del Instituto Ant\u00e1rtico Chileno (INACH) que lidera el proyecto \u201cRuta migratoria molecular de virus emergentes: Papel de&nbsp;<em>Chionis albus<\/em>&nbsp;como reservorio en el transporte de virus con riesgo zoon\u00f3tico al cono sur\u201d.&nbsp;<\/p>\n\n\n\n<p>En este contexto, junto a su equipo de investigaci\u00f3n ya ha participado de tres expediciones cient\u00edficas ant\u00e1rticas (ECA) del INACH, lo que les ha permitido llegar a punta Armon\u00eda, en la&nbsp; isla Nelson, y dos veces al islote Isabel Riquelme, donde se ubica la base O\u2019Higgins y donde han podido realizar la detecci\u00f3n de virus en terreno, ya que ese lugar cuenta con laboratorio.&nbsp;<\/p>\n\n\n\n<p>En este proyecto, su trabajo consiste en capturar la paloma ant\u00e1rtica y tomar dos tipos de muestras: una de sangre y un hisopado cloacal. La primera muestra se utiliza para identificar los anticuerpos del ave asociados a virus como influenza o coronavirus y para la segunda se emplean t\u00e9cnicas moleculares para enriquecer la muestra en virus; luego por t\u00e9cnicas de secuenciaci\u00f3n masiva pueden identificar la diversidad viral. \u201cFinalmente, teniendo la diversidad viral, utilizamos t\u00e9cnicas de aislamiento viral para caracterizar virus end\u00e9micos o introducidos en Ant\u00e1rtica\u201d, se\u00f1ala Barriga.&nbsp;<\/p>\n\n\n\n<p>Sus resultados fueron publicados recientemente en la revista&nbsp;<em>Microbiology Spectrum<\/em>&nbsp;en el&nbsp;<a href=\"https:\/\/journals.asm.org\/doi\/10.1128\/spectrum.03302-22\" target=\"_blank\" rel=\"noreferrer noopener\">art\u00edculo cient\u00edfico<\/a>&nbsp;\u201cCarro\u00f1eros como posibles centinelas de la diversidad viral: El viroma de la paloma ant\u00e1rtica como una herramienta potencial para monitorear la circulaci\u00f3n de virus. Lecciones de dos expediciones ant\u00e1rticas\u201d. Consiguieron analizar la diversidad de virus presentes en la flora intestinal de la paloma ant\u00e1rtica, ya que contiene virus de otros animales que consumi\u00f3 y que van desde mam\u00edferos marinos a anf\u00edpodos, \u201cobteniendo as\u00ed un espectro completo de los virus presentes en los animales del Continente Blanco\u201d, expresa el investigador.&nbsp;<\/p>\n\n\n\n<p>Estas aves se infectan por sus h\u00e1bitos alimenticios que van desde comer heces de otros animales a ingerir carcasas de animales, algas y crust\u00e1ceos. A pesar de ello, hasta la fecha no se ha observado que tengan s\u00edntomas cl\u00ednicos, debido a que los carro\u00f1eros tienen sistemas digestivos y sistemas inmunes reforzados para no enfermarse. \u201cNo obstante, esto podr\u00eda producir que la paloma ant\u00e1rtica pueda transmitir estos pat\u00f3genos a otras especies con las que convive muy cerca, como el ping\u00fcino\u201d, dijo.<\/p>\n\n\n\n<p><strong>Centinelas de la diversidad viral<\/strong><\/p>\n\n\n\n<p>Barriga y su equipo se autodenominan \u201cvir\u00f3logos de terreno\u201d y su trabajo lo llaman \u201cecovirolog\u00eda\u201d, pues su enfoque va dirigido hacia la conservaci\u00f3n biol\u00f3gica. Estudian a estas aves porque son una especie modelo para el estudio de pat\u00f3genos en el continente polar. \u201cYa que a diferencia de los ping\u00fcinos, la paloma ant\u00e1rtica puede migrar hasta zonas subant\u00e1rticas, incluso hasta Patagonia durante el invierno. Esto asociado a sus h\u00e1bitos carro\u00f1eros lo vuelve en un tremendo esp\u00e9cimen para estudiar la entrada de pat\u00f3genos nuevos a Ant\u00e1rtica\u201d. Adem\u00e1s, a\u00f1ade que son consideradas una especie centinela ya que \u201csi entra un nuevo pat\u00f3geno al continente (en algas, mam\u00edferos o aves) y produce un impacto negativo en Ant\u00e1rtica, su habilidad de comer carcasas de animales nos entregar\u00e1 informaci\u00f3n del virus ingresado\u201d, manifiesta.&nbsp;<\/p>\n\n\n\n<p>Frente a un escenario futuro alertan que el cambio clim\u00e1tico, con los efectos que conlleva, permitir\u00e1 (y ya est\u00e1 permitiendo) que nuevas especies ingresen a la Ant\u00e1rtica, introduciendo pat\u00f3genos nuevos con potencial impacto en la fauna del territorio.&nbsp;<\/p>\n\n\n\n<p>Por eso la vigilancia viral ser\u00e1 fundamental en Ant\u00e1rtica y el mundo. \u201cEl reciente brote de influenza por el virus subtipo H5N1, amenaza con entrar en Ant\u00e1rtica y podr\u00eda causar un efecto dram\u00e1tico tanto para las aves como para los mam\u00edferos marinos ant\u00e1rticos. El vigilar los carro\u00f1eros ant\u00e1rticos y pensar en ellos como centinelas ser\u00e1 un excelente indicador de lo que est\u00e9 pasando a nivel de pat\u00f3genos en el continente ant\u00e1rtico\u201d, manifiesta Barriga.&nbsp;<\/p>\n\n\n\n<p>Respecto al avance de la gripe aviar y su posible llegada a las regiones extremas del planeta, advierte que \u201ca la fecha existen m\u00faltiples aves y mam\u00edferos infectados con este virus y la mortalidad de ping\u00fcinos por este virus ha sido impresionante; esto pone en riesgo la avifauna y a los mam\u00edferos ant\u00e1rticos. A\u00fan as\u00ed ya nos encontramos trabajando con el Instituto Ant\u00e1rtico Chileno para ayudar en la detecci\u00f3n de este virus, ya que la distribuci\u00f3n hace pensar que este virus llegar\u00e1 a Ant\u00e1rtica en la siguiente temporada de migraciones\u201d, cierra el investigador.&nbsp;<\/p>\n\n\n\n<p>En el&nbsp;<a href=\"https:\/\/journals.asm.org\/doi\/10.1128\/spectrum.03302-22\" target=\"_blank\" rel=\"noreferrer noopener\">art\u00edculo<\/a>&nbsp;tambi\u00e9n participaron Gabriel Zamora, Johana Loncop\u00e1n, Loreto Araos, Francisco Verdugo, Cecilia Rojas-Fuentes y Aldo Gaggero del Laboratorio de Virus Emergentes del Instituto de Ciencias Biom\u00e9dicas de la Facultad de Medicina de la Universidad de Chile; Sebasti\u00e1n Aguilar Pierl\u00e9 de Inorevia, Francia, y Lucas Kr\u00fcger de INACH.<\/p>\n\n\n\n<p>El INACH es un organismo t\u00e9cnico del Ministerio de Relaciones Exteriores con plena autonom\u00eda en todo lo relacionado con asuntos ant\u00e1rticos de car\u00e1cter cient\u00edfico, tecnol\u00f3gico y de difusi\u00f3n. El INACH cumple con la Pol\u00edtica Ant\u00e1rtica Nacional incentivando el desarrollo de la investigaci\u00f3n de excelencia, participando efectivamente en el Sistema del Tratado Ant\u00e1rtico y foros relacionados, fortaleciendo a Magallanes como puerta de entrada al Continente Blanco y realizando acciones de divulgaci\u00f3n del conocimiento ant\u00e1rtico en la ciudadan\u00eda.<\/p>\n\n\n\n<p>El Programa Nacional de Ciencia Ant\u00e1rtica (Procien) del INACH est\u00e1 constituido por los proyectos que este financia, organiza, coordina y ejecuta directamente o en conjunto con otras agencias del pa\u00eds, ya que la actividad cient\u00edfica polar nacional deriva de distintos fondos concursables p\u00fablicos, transparentes y bajo la metodolog\u00eda de revisi\u00f3n por pares.<\/p>\n","protected":false},"excerpt":{"rendered":"<p>La paloma ant\u00e1rtica es un ave voladora de color blanco, cuerpo robusto y rostro sin plumas que habita principalmente en regiones subant\u00e1rticas de Sudam\u00e9rica y en la pen\u00ednsula Ant\u00e1rtica. Esta&#8230; <a class=\"read-more\" href=\"https:\/\/www.radiopresidenteibanez.cl\/web\/el-desconocido-rol-de-la-paloma-antartica-en-la-investigacion-de-los-nuevos-virus-que-llegan-al-continente-blanco\/\">Leer m\u00e1s<\/a><\/p>\n","protected":false},"author":2,"featured_media":42057,"comment_status":"closed","ping_status":"closed","sticky":false,"template":"","format":"standard","meta":{"footnotes":""},"categories":[1],"tags":[],"class_list":["post-42056","post","type-post","status-publish","format-standard","has-post-thumbnail","hentry","category-cronica"],"_links":{"self":[{"href":"https:\/\/www.radiopresidenteibanez.cl\/web\/wp-json\/wp\/v2\/posts\/42056","targetHints":{"allow":["GET"]}}],"collection":[{"href":"https:\/\/www.radiopresidenteibanez.cl\/web\/wp-json\/wp\/v2\/posts"}],"about":[{"href":"https:\/\/www.radiopresidenteibanez.cl\/web\/wp-json\/wp\/v2\/types\/post"}],"author":[{"embeddable":true,"href":"https:\/\/www.radiopresidenteibanez.cl\/web\/wp-json\/wp\/v2\/users\/2"}],"replies":[{"embeddable":true,"href":"https:\/\/www.radiopresidenteibanez.cl\/web\/wp-json\/wp\/v2\/comments?post=42056"}],"version-history":[{"count":0,"href":"https:\/\/www.radiopresidenteibanez.cl\/web\/wp-json\/wp\/v2\/posts\/42056\/revisions"}],"wp:featuredmedia":[{"embeddable":true,"href":"https:\/\/www.radiopresidenteibanez.cl\/web\/wp-json\/wp\/v2\/media\/42057"}],"wp:attachment":[{"href":"https:\/\/www.radiopresidenteibanez.cl\/web\/wp-json\/wp\/v2\/media?parent=42056"}],"wp:term":[{"taxonomy":"category","embeddable":true,"href":"https:\/\/www.radiopresidenteibanez.cl\/web\/wp-json\/wp\/v2\/categories?post=42056"},{"taxonomy":"post_tag","embeddable":true,"href":"https:\/\/www.radiopresidenteibanez.cl\/web\/wp-json\/wp\/v2\/tags?post=42056"}],"curies":[{"name":"wp","href":"https:\/\/api.w.org\/{rel}","templated":true}]}}