{"id":42049,"date":"2023-08-17T12:56:00","date_gmt":"2023-08-17T15:56:00","guid":{"rendered":"https:\/\/www.radiopresidenteibanez.cl\/web\/?p=42049"},"modified":"2023-08-17T10:01:09","modified_gmt":"2023-08-17T13:01:09","slug":"comenzaron-talleres-de-ajedrez-para-ninos-y-ninas-de-punta-arenas","status":"publish","type":"post","link":"https:\/\/www.radiopresidenteibanez.cl\/web\/comenzaron-talleres-de-ajedrez-para-ninos-y-ninas-de-punta-arenas\/","title":{"rendered":"COMENZARON TALLERES DE AJEDREZ PARA NI\u00d1OS Y NI\u00d1AS DE PUNTA ARENAS"},"content":{"rendered":"\n<p>Con m\u00e1s de 70 ni\u00f1os y ni\u00f1os se dio el vamos los talleres deportivos del proyecto \u201cPlan de Desarrollo del Ajedrez Infantil de Punta Arenas\u201d ejecutado por la academia LevelUp y financiado por el Gobierno Regional con un monto de cinco millones 600 mil pesos.<\/p>\n\n\n\n<p>\u201cQueremos que Magallanes sea una regi\u00f3n de deporte y uno con historia y conocimiento es el ajedrez. Esta es una tremenda oportunidad donde ni\u00f1os y ni\u00f1as de distintos colegios participaran de clases y muestras ac\u00e1 en la regi\u00f3n. Esperamos seguir teniendo a grandes ajedrecistas en la regi\u00f3n\u201d destac\u00f3 el Gobernador Flies.<\/p>\n\n\n\n<p>El objetivo de la iniciativa es generar un desarrollo a largo plazo del ajedrez competitivo a trav\u00e9s de la formaci\u00f3n de bases desde la primera infancia mediante inducciones e identificaci\u00f3n con entrenamientos a ni\u00f1os y ni\u00f1as de proyecci\u00f3n deportiva y as\u00ed lograr nivel competitivo permitiendo a los representantes de la comuna adquirir roce deportivo participando en competencias nacionales e internacionales de alto nivel.<\/p>\n\n\n\n<p>\u201cTenemos cuatro profesores trabajando con nosotros y con diferentes metodolog\u00edas muy din\u00e1micas. Los profesores dan el alma en esto y los que trabajan para ense\u00f1ar esta disciplina tan compleja donde se necesitan hartas habilidades pedagog\u00edas\u201d se\u00f1al\u00f3 el profesor Arturo \u00c1guila.<\/p>\n\n\n\n<p>El proyecto tambi\u00e9n incluy\u00f3 la compra de 20 relojes de ajedrez, 20 tableros y piezas, entre otros \u00edtems.<\/p>\n\n\n\n<p>Finalmente, se anunci\u00f3 que se espera cerrar la iniciativa con un torneo regional de ajedrez para que compitan los participantes de los talleres.<\/p>\n","protected":false},"excerpt":{"rendered":"<p>Con m\u00e1s de 70 ni\u00f1os y ni\u00f1os se dio el vamos los talleres deportivos del proyecto \u201cPlan de Desarrollo del Ajedrez Infantil de Punta Arenas\u201d ejecutado por la academia LevelUp&#8230; <a class=\"read-more\" href=\"https:\/\/www.radiopresidenteibanez.cl\/web\/comenzaron-talleres-de-ajedrez-para-ninos-y-ninas-de-punta-arenas\/\">Leer m\u00e1s<\/a><\/p>\n","protected":false},"author":2,"featured_media":42050,"comment_status":"closed","ping_status":"closed","sticky":false,"template":"","format":"standard","meta":{"footnotes":""},"categories":[1],"tags":[],"class_list":["post-42049","post","type-post","status-publish","format-standard","has-post-thumbnail","hentry","category-cronica"],"_links":{"self":[{"href":"https:\/\/www.radiopresidenteibanez.cl\/web\/wp-json\/wp\/v2\/posts\/42049","targetHints":{"allow":["GET"]}}],"collection":[{"href":"https:\/\/www.radiopresidenteibanez.cl\/web\/wp-json\/wp\/v2\/posts"}],"about":[{"href":"https:\/\/www.radiopresidenteibanez.cl\/web\/wp-json\/wp\/v2\/types\/post"}],"author":[{"embeddable":true,"href":"https:\/\/www.radiopresidenteibanez.cl\/web\/wp-json\/wp\/v2\/users\/2"}],"replies":[{"embeddable":true,"href":"https:\/\/www.radiopresidenteibanez.cl\/web\/wp-json\/wp\/v2\/comments?post=42049"}],"version-history":[{"count":0,"href":"https:\/\/www.radiopresidenteibanez.cl\/web\/wp-json\/wp\/v2\/posts\/42049\/revisions"}],"wp:featuredmedia":[{"embeddable":true,"href":"https:\/\/www.radiopresidenteibanez.cl\/web\/wp-json\/wp\/v2\/media\/42050"}],"wp:attachment":[{"href":"https:\/\/www.radiopresidenteibanez.cl\/web\/wp-json\/wp\/v2\/media?parent=42049"}],"wp:term":[{"taxonomy":"category","embeddable":true,"href":"https:\/\/www.radiopresidenteibanez.cl\/web\/wp-json\/wp\/v2\/categories?post=42049"},{"taxonomy":"post_tag","embeddable":true,"href":"https:\/\/www.radiopresidenteibanez.cl\/web\/wp-json\/wp\/v2\/tags?post=42049"}],"curies":[{"name":"wp","href":"https:\/\/api.w.org\/{rel}","templated":true}]}}