{"id":42046,"date":"2023-08-17T11:39:00","date_gmt":"2023-08-17T14:39:00","guid":{"rendered":"https:\/\/www.radiopresidenteibanez.cl\/web\/?p=42046"},"modified":"2023-08-17T09:41:35","modified_gmt":"2023-08-17T12:41:35","slug":"erick-amigo-asume-como-nuevo-director-regional-del-servicio-de-proteccion-especializada","status":"publish","type":"post","link":"https:\/\/www.radiopresidenteibanez.cl\/web\/erick-amigo-asume-como-nuevo-director-regional-del-servicio-de-proteccion-especializada\/","title":{"rendered":"ERICK AMIGO ASUME COMO NUEVO DIRECTOR REGIONAL DEL SERVICIO DE PROTECCI\u00d3N ESPECIALIZADA"},"content":{"rendered":"\n<p>Mediante el sistema de Alta Direcci\u00f3n P\u00fablica, Don Erick Amigo Palacios, ha sido nombrado el<br>nuevo director regional del Servicio de Protecci\u00f3n Especializado a la Ni\u00f1ez y Adolescencia (SPE). A<br>contar de este 16 de Agosto, Amigo encabezar\u00e1 la instituci\u00f3n llamada restituir los derechos y<br>reparar el da\u00f1o causado a ni\u00f1os, ni\u00f1as y adolescentes en nuestra regi\u00f3n, cuya red proteccional<br>abarca 25 proyectos operativos.<\/p>\n\n\n\n<p>El anuncio fue formalizado esta tarde por el Secretario Regional de Desarrollo Social y Familia,<br>Danilo Mimica Mansilla, quien indic\u00f3 \u201choy damos la bienvenida a Erick Amigo, docente con una<br>amplia experiencia en el sector p\u00fablico y quien tendr\u00e1 el desaf\u00edo de liderar este importante<br>Servicio. Adem\u00e1s de la gesti\u00f3n propia su oferta program\u00e1tica, este cargo implica asumir la<br>articulaci\u00f3n entre el servicio p\u00fablico, la sociedad civil y el mundo privado, para cumplir el mandato<br>legal de proteger y promover los derechos de los ni\u00f1os, ni\u00f1as y adolescentes en Magallanes\u201d.<\/p>\n\n\n\n<p>Por su parte, el nuevo director regional manifest\u00f3 su entusiasmo al asumir este nuevo desaf\u00edo. \u201cLa<br>implementaci\u00f3n de este Servicio fue un gran paso en favor de la ni\u00f1ez y adolescencia en nuestro<br>pa\u00eds. Como toda ruta, estamos frente a un proceso que debe estar abiertos a cambios y mejoras.<br>Por lo mismo, fortaleceremos nuestro rol como garantes no s\u00f3lo desde nuestra propia<br>institucionalidad, sino mediante un trabajo mancomunado como Estado. Ciertamente hay mucho<br>por hacer, pero la meta es clara; el bienestar de las ni\u00f1os, ni\u00f1as y adolescentes, que hoy son<br>sujetos de atenci\u00f3n de este Servicio\u201d.<\/p>\n\n\n\n<p>Don Erick Amigo Palacios es Magister en Gesti\u00f3n de Recursos Humanos y docente egresado de la<br>Universidad de Magallanes. Previo a encabezar la Direcci\u00f3n Regional del Servicio de Protecci\u00f3n<br>Especializada, Amigo fue Director de la Escuela Diego Portales de Villa Tehuelches, en la comuna<br>de Laguna Blanca. En sus 34 a\u00f1os de trayectoria profesional, ha ejercido en dos oportunidades<br>como Director Regional del Servicio Nacional de Capacitaci\u00f3n y Empleo (SENCE); primero en<br>Magallanes entre los a\u00f1os 2002 y 2006, para posteriormente asumir dicho cargo en la Regi\u00f3n de<br>Atacama entre 2007 y 2010. Asimismo, ha dirigido el Departamento de Administraci\u00f3n de<br>Educaci\u00f3n Municipal en las comunas de Tierra Amarilla y Alhu\u00e9, adem\u00e1s participar en distintos<br>proyectos educativos del sector p\u00fablico y privado.<\/p>\n","protected":false},"excerpt":{"rendered":"<p>Mediante el sistema de Alta Direcci\u00f3n P\u00fablica, Don Erick Amigo Palacios, ha sido nombrado elnuevo director regional del Servicio de Protecci\u00f3n Especializado a la Ni\u00f1ez y Adolescencia (SPE). Acontar de&#8230; <a class=\"read-more\" href=\"https:\/\/www.radiopresidenteibanez.cl\/web\/erick-amigo-asume-como-nuevo-director-regional-del-servicio-de-proteccion-especializada\/\">Leer m\u00e1s<\/a><\/p>\n","protected":false},"author":2,"featured_media":42047,"comment_status":"closed","ping_status":"closed","sticky":false,"template":"","format":"standard","meta":{"footnotes":""},"categories":[1],"tags":[],"class_list":["post-42046","post","type-post","status-publish","format-standard","has-post-thumbnail","hentry","category-cronica"],"_links":{"self":[{"href":"https:\/\/www.radiopresidenteibanez.cl\/web\/wp-json\/wp\/v2\/posts\/42046","targetHints":{"allow":["GET"]}}],"collection":[{"href":"https:\/\/www.radiopresidenteibanez.cl\/web\/wp-json\/wp\/v2\/posts"}],"about":[{"href":"https:\/\/www.radiopresidenteibanez.cl\/web\/wp-json\/wp\/v2\/types\/post"}],"author":[{"embeddable":true,"href":"https:\/\/www.radiopresidenteibanez.cl\/web\/wp-json\/wp\/v2\/users\/2"}],"replies":[{"embeddable":true,"href":"https:\/\/www.radiopresidenteibanez.cl\/web\/wp-json\/wp\/v2\/comments?post=42046"}],"version-history":[{"count":0,"href":"https:\/\/www.radiopresidenteibanez.cl\/web\/wp-json\/wp\/v2\/posts\/42046\/revisions"}],"wp:featuredmedia":[{"embeddable":true,"href":"https:\/\/www.radiopresidenteibanez.cl\/web\/wp-json\/wp\/v2\/media\/42047"}],"wp:attachment":[{"href":"https:\/\/www.radiopresidenteibanez.cl\/web\/wp-json\/wp\/v2\/media?parent=42046"}],"wp:term":[{"taxonomy":"category","embeddable":true,"href":"https:\/\/www.radiopresidenteibanez.cl\/web\/wp-json\/wp\/v2\/categories?post=42046"},{"taxonomy":"post_tag","embeddable":true,"href":"https:\/\/www.radiopresidenteibanez.cl\/web\/wp-json\/wp\/v2\/tags?post=42046"}],"curies":[{"name":"wp","href":"https:\/\/api.w.org\/{rel}","templated":true}]}}