{"id":42015,"date":"2023-08-16T10:21:00","date_gmt":"2023-08-16T13:21:00","guid":{"rendered":"https:\/\/www.radiopresidenteibanez.cl\/web\/?p=42015"},"modified":"2023-08-16T08:12:04","modified_gmt":"2023-08-16T11:12:04","slug":"mas-de-700-estudiantes-de-la-region-asistieron-a-charlas-y-stands-en-la-feria-educativa-tecnico-profesional-2023","status":"publish","type":"post","link":"https:\/\/www.radiopresidenteibanez.cl\/web\/mas-de-700-estudiantes-de-la-region-asistieron-a-charlas-y-stands-en-la-feria-educativa-tecnico-profesional-2023\/","title":{"rendered":"MAS DE 700 ESTUDIANTES DE LA REGION ASISTIERON A CHARLAS Y STANDS EN LA \u201cFERIA EDUCATIVA TECNICO-PROFESIONAL 2023\u201d"},"content":{"rendered":"\n<p>Un total de 748 estudiantes de establecimientos educacionales de Punta Arenas, Puerto Natales y Porvenir asistieron, esta semana, a distintas charlas de orientaci\u00f3n vocacional y stands informativos en el contexto de la \u201cFeria Educativa T\u00e9cnico-Profesional 2023\u201d, que se realiz\u00f3 en el Gimnasio y las distintas facultades de la Universidad de Magallanes (UMAG).<\/p>\n\n\n\n<p>Las y los estudiantes de ense\u00f1anza media de la regi\u00f3n pudieron, as\u00ed, recorrer e interiorizarse sobre las diferentes oportunidades de la formaci\u00f3n t\u00e9cnico-profesional a trav\u00e9s de la Direcci\u00f3n de Promoci\u00f3n Universitaria, la Unidad de Egresados, la Facultad de Ciencias de&nbsp; Salud, Centro de Educaci\u00f3n Tecnol\u00f3gica (CET), Agronom\u00eda y Biolog\u00eda Marina de la casa de estudios. Adem\u00e1s, conocieron el funcionamiento y la oferta en el sector de la miner\u00eda, el Servicio Nacional de Capacitaci\u00f3n y Empleo (Sence), el Instituto Ant\u00e1rtico Chileno (Inach), la Junaeb y el Ministerio de Educaci\u00f3n (Mineduc).&nbsp;<\/p>\n\n\n\n<p>\u201cSabemos que la idea original de una formaci\u00f3n T\u00e9cnico-Profesional es que se incorporen inmediatamente al mundo laboral pero muchos de ellos tambi\u00e9n tienen la intenci\u00f3n y el deseo, al igual que sus familias, de proseguir con la educaci\u00f3n superior. As\u00ed que aqu\u00ed les mostramos una amplia gama de lo que hace nuestra universidad y ojal\u00e1 muchos de ellos se motiven y puedan ingresar a nuestras carreras t\u00e9cnicas o profesionales\u201d, indic\u00f3 el rector de la UMAG, Jos\u00e9 Maripani.<\/p>\n\n\n\n<p>El seremi de Educaci\u00f3n, Valent\u00edn Aguilera, en tanto, destac\u00f3 que \u201cen esta feria han asistido much\u00edsimos estudiantes, de distintos establecimientos, tanto de la ciudad de Punta Arenas como de la ciudad de Puerto Natales\u201d. Por otro lado, agreg\u00f3 que \u201cdurante este mes y en la agenda t\u00e9cnico-profesional que se coordina desde el Ministerio de Educaci\u00f3n pero tambi\u00e9n en conjunto con la ONG Canales en la Red Futuro T\u00e9cnico hay un conjunto de actividades, donde est\u00e1 esta itinerancia y hay trabajos en la comunidad educativa\u201d.<\/p>\n\n\n\n<p>Estas actividades l\u00fadicas y de aprendizaje estuvieron enmarcadas dentro del Mes de la Educaci\u00f3n T\u00e9cnico\u2013Profesional, siendo organizadas a nivel regional por la Universidad de Magallanes con el apoyo de la Secretar\u00eda de Educaci\u00f3n (Secreduc) y ONG Canales.<\/p>\n\n\n\n<p><strong>Visi\u00f3n de estudiantes<\/strong><\/p>\n\n\n\n<p>El pasado martes fue el turno de un total de 114 estudiantes del Instituto Don Bosco (IDB), 63 alumnas del Instituto Sagrada Familia (Insafa) y 94 estudiantes del Liceo Industrial Armando Quezada Achar\u00e1n.<\/p>\n\n\n\n<p>Benjam\u00edn Rodr\u00edguez, estudiante del Instituto Don Bosco y presidente del Consejo Estudiantil Regional, expres\u00f3 que sus intereses son \u201cla Ingenier\u00eda El\u00e9ctrica y Administraci\u00f3n P\u00fablica. Me interesa mucho la Universidad de Magallanes pero tambi\u00e9n la Universidad de Chile y la Universidad Cat\u00f3lica\u201d. Asimismo, adhiri\u00f3 que \u201cde puntaje NEM tengo 925 que aproximadamente es un 6.7\u201d.<\/p>\n\n\n\n<p><br>Thiare Guzm\u00e1n, alumna de cuarto medio del Instituto Sagrada Familia, quien est\u00e1 cursando la especialidad de Administraci\u00f3n de Empresas, sostuvo que desea \u201cestudiar ac\u00e1 (UMAG), la carrera de Ingenier\u00eda Comercial\u201d.&nbsp;<\/p>\n\n\n\n<p>El d\u00eda mi\u00e9rcoles asistieron un total de 108 estudiantes del Liceo Mar\u00eda Behety de Men\u00e9ndez, 117 alumnos del Instituto Superior de Comercio (Insuco) y 98 estudiantes del Liceo Ra\u00fal Silva Henr\u00edquez.<\/p>\n\n\n\n<p>\u201cMe gustar\u00eda estudiar Ingenier\u00eda en Electricidad ac\u00e1 en la UMAG, es mi sue\u00f1o y me fascina. Es un gran campo para explorar. Me gusta el tema de los cables porque es un circuito complicado, y as\u00ed aprender todo lo que los profesores puedan ense\u00f1arme\u201d, se\u00f1al\u00f3 Antonia Aguayo, estudiante del Insuco.<\/p>\n\n\n\n<p>Mat\u00ecas Salvo, alumno del Liceo Mar\u00eca Behety, expres\u00f3 que quiere \u201cestudiar Ingenier\u00eda Civil Qu\u00edmica o Ingenier\u00eca en Qu\u00edmica y Medio Ambiente en la Universidad de Magallanes por las personas que conozco ac\u00e1 y por lo que puedo llegar a ser en un futuro\u201d.<\/p>\n\n\n\n<p>Mientras que durante la presente jornada fue el turno de 36 estudiantes del Liceo Sara Braun, 98 alumnos del Liceo Luis Cruz Mart\u00ednez de Puerto Natales y 20 estudiantes del Liceo Bicentenario Hernando de Magallanes de Porvenir, quienes le dieron fin a la \u201cFeria Educativa T\u00e9cnico-Profesional 2023\u201d.&nbsp;<\/p>\n","protected":false},"excerpt":{"rendered":"<p>Un total de 748 estudiantes de establecimientos educacionales de Punta Arenas, Puerto Natales y Porvenir asistieron, esta semana, a distintas charlas de orientaci\u00f3n vocacional y stands informativos en el contexto&#8230; <a class=\"read-more\" href=\"https:\/\/www.radiopresidenteibanez.cl\/web\/mas-de-700-estudiantes-de-la-region-asistieron-a-charlas-y-stands-en-la-feria-educativa-tecnico-profesional-2023\/\">Leer m\u00e1s<\/a><\/p>\n","protected":false},"author":2,"featured_media":42016,"comment_status":"closed","ping_status":"closed","sticky":false,"template":"","format":"standard","meta":{"footnotes":""},"categories":[1],"tags":[],"class_list":["post-42015","post","type-post","status-publish","format-standard","has-post-thumbnail","hentry","category-cronica"],"_links":{"self":[{"href":"https:\/\/www.radiopresidenteibanez.cl\/web\/wp-json\/wp\/v2\/posts\/42015","targetHints":{"allow":["GET"]}}],"collection":[{"href":"https:\/\/www.radiopresidenteibanez.cl\/web\/wp-json\/wp\/v2\/posts"}],"about":[{"href":"https:\/\/www.radiopresidenteibanez.cl\/web\/wp-json\/wp\/v2\/types\/post"}],"author":[{"embeddable":true,"href":"https:\/\/www.radiopresidenteibanez.cl\/web\/wp-json\/wp\/v2\/users\/2"}],"replies":[{"embeddable":true,"href":"https:\/\/www.radiopresidenteibanez.cl\/web\/wp-json\/wp\/v2\/comments?post=42015"}],"version-history":[{"count":0,"href":"https:\/\/www.radiopresidenteibanez.cl\/web\/wp-json\/wp\/v2\/posts\/42015\/revisions"}],"wp:featuredmedia":[{"embeddable":true,"href":"https:\/\/www.radiopresidenteibanez.cl\/web\/wp-json\/wp\/v2\/media\/42016"}],"wp:attachment":[{"href":"https:\/\/www.radiopresidenteibanez.cl\/web\/wp-json\/wp\/v2\/media?parent=42015"}],"wp:term":[{"taxonomy":"category","embeddable":true,"href":"https:\/\/www.radiopresidenteibanez.cl\/web\/wp-json\/wp\/v2\/categories?post=42015"},{"taxonomy":"post_tag","embeddable":true,"href":"https:\/\/www.radiopresidenteibanez.cl\/web\/wp-json\/wp\/v2\/tags?post=42015"}],"curies":[{"name":"wp","href":"https:\/\/api.w.org\/{rel}","templated":true}]}}