{"id":420,"date":"2019-01-13T20:22:55","date_gmt":"2019-01-13T20:22:55","guid":{"rendered":"http:\/\/www.radiopresidenteibanez.cl\/web\/?p=420"},"modified":"2019-01-13T20:23:02","modified_gmt":"2019-01-13T20:23:02","slug":"autoridades-regionales-desplegaron-comite-de-difusion-nacional-del-proyecto-de-modernizacion-tributaria","status":"publish","type":"post","link":"https:\/\/www.radiopresidenteibanez.cl\/web\/autoridades-regionales-desplegaron-comite-de-difusion-nacional-del-proyecto-de-modernizacion-tributaria\/","title":{"rendered":"AUTORIDADES REGIONALES DESPLEGARON COMIT\u00c9 DE DIFUSI\u00d3N NACIONAL DEL PROYECTO DE MODERNIZACI\u00d3N TRIBUTARIA"},"content":{"rendered":"\n<p>En la pyme \u201cAli\u00f1o Completo\u201d, se reunieron las autoridades regionales para dar el puntapi\u00e9 inicial al comit\u00e9 de difusi\u00f3n del proyecto de Modernizaci\u00f3n Tributaria. La actividad estuvo encabezada por la Seremi de Hacienda, Lil Garc\u00e9s, y cont\u00f3 con la participaci\u00f3n de la Seremi de Gobierno Alejandra Mu\u00f1oz, del director de Corfo Marcelo Canobra, la directora de Sercotec Mar\u00eda Soledad Solo de Zald\u00edvar, el Consejero Regional de ASECH, Alejandro Acevedo y algunos emprendedores regionales.<\/p>\n\n\n\n<p>El Proyecto de Modernizaci\u00f3n Tributaria es una de los ejes centrales de la agenda de inversi\u00f3n del actual gobierno, y su objetivo es fortalecer el crecimiento y el empleo, mejorar los salarios, la inversi\u00f3n y el emprendimiento, a trav\u00e9s de una actualizaci\u00f3n del sistema tributario que hoy impera. <br><\/p>\n\n\n\n<p>Ante esto, la Seremi de Hacienda coment\u00f3 que \u201ces un proyecto emblem\u00e1tico de nuestro gobierno, que adem\u00e1s de impulsar el crecimiento, tiene un sello diferenciador con las pymes. El proyecto busca un bienestar, simplificar la vida del contribuyente y que todos estos beneficios se vean apuntados a la Pyme, principalmente en reducir el tiempo que dedican a su relaci\u00f3n con el Servicio de Impuestos Internos.\u201d<br><\/p>\n\n\n\n<p>El comit\u00e9 de difusi\u00f3n est\u00e1 conformado por las carteras de Hacienda, Gobierno y Econom\u00eda, incluyendo tambi\u00e9n a Sercotec y Corfo. Esto, sumado al apoyo comprometido por emprendedores regionales. Alejandro Acevedo, Consejero Regional de ASECH Magallanes, expres\u00f3 que \u201cmanifestamos nuestra m\u00e1xima disposici\u00f3n en poder colaborar con todas las instancias de difusi\u00f3n de un proyecto de ley que va en directo beneficio de los flujos de las empresas de menor tama\u00f1o. Este proyecto, m\u00e1s la promulgaci\u00f3n de la ley pago a 30 d\u00edas de la semana pasada, son ejes fundamentales para dar supervivencia de las pymes.\u201d<br><\/p>\n\n\n\n<p>Este proyecto tiene un marcado foco en las Pymes. Sobre esto, la Seremi de Gobierno Alejandra Mu\u00f1oz indic\u00f3 que \u201cva a beneficiar a las 12.000 pymes de la regi\u00f3n. En cuanto a la difusi\u00f3n, esta va a consistir principalmente en presencia en los medios de comunicaci\u00f3n, socializaci\u00f3n con la comunidad y con los empresarios regionales.\u201d<br><\/p>\n\n\n\n<p>El Proyecto ingresar\u00e1 en marzo al Congreso Nacional y entre las claves del mismo destacan que las rentas de distinto origen tributar\u00e1n igual, se modernizar\u00e1 la relaci\u00f3n del contribuyente con el SII y se resguardar\u00e1 el equilibro fiscal, todo sumado a facilitar el camino a los emprendedores.<\/p>\n","protected":false},"excerpt":{"rendered":"<p>En la pyme \u201cAli\u00f1o Completo\u201d, se reunieron las autoridades regionales para dar el puntapi\u00e9 inicial al comit\u00e9 de difusi\u00f3n del proyecto de Modernizaci\u00f3n Tributaria. La actividad estuvo encabezada por la&#8230; <a class=\"read-more\" href=\"https:\/\/www.radiopresidenteibanez.cl\/web\/autoridades-regionales-desplegaron-comite-de-difusion-nacional-del-proyecto-de-modernizacion-tributaria\/\">Leer m\u00e1s<\/a><\/p>\n","protected":false},"author":2,"featured_media":421,"comment_status":"closed","ping_status":"closed","sticky":false,"template":"","format":"standard","meta":{"footnotes":""},"categories":[1],"tags":[],"class_list":["post-420","post","type-post","status-publish","format-standard","has-post-thumbnail","hentry","category-cronica"],"_links":{"self":[{"href":"https:\/\/www.radiopresidenteibanez.cl\/web\/wp-json\/wp\/v2\/posts\/420","targetHints":{"allow":["GET"]}}],"collection":[{"href":"https:\/\/www.radiopresidenteibanez.cl\/web\/wp-json\/wp\/v2\/posts"}],"about":[{"href":"https:\/\/www.radiopresidenteibanez.cl\/web\/wp-json\/wp\/v2\/types\/post"}],"author":[{"embeddable":true,"href":"https:\/\/www.radiopresidenteibanez.cl\/web\/wp-json\/wp\/v2\/users\/2"}],"replies":[{"embeddable":true,"href":"https:\/\/www.radiopresidenteibanez.cl\/web\/wp-json\/wp\/v2\/comments?post=420"}],"version-history":[{"count":0,"href":"https:\/\/www.radiopresidenteibanez.cl\/web\/wp-json\/wp\/v2\/posts\/420\/revisions"}],"wp:featuredmedia":[{"embeddable":true,"href":"https:\/\/www.radiopresidenteibanez.cl\/web\/wp-json\/wp\/v2\/media\/421"}],"wp:attachment":[{"href":"https:\/\/www.radiopresidenteibanez.cl\/web\/wp-json\/wp\/v2\/media?parent=420"}],"wp:term":[{"taxonomy":"category","embeddable":true,"href":"https:\/\/www.radiopresidenteibanez.cl\/web\/wp-json\/wp\/v2\/categories?post=420"},{"taxonomy":"post_tag","embeddable":true,"href":"https:\/\/www.radiopresidenteibanez.cl\/web\/wp-json\/wp\/v2\/tags?post=420"}],"curies":[{"name":"wp","href":"https:\/\/api.w.org\/{rel}","templated":true}]}}