{"id":41999,"date":"2023-08-14T16:06:00","date_gmt":"2023-08-14T19:06:00","guid":{"rendered":"https:\/\/www.radiopresidenteibanez.cl\/web\/?p=41999"},"modified":"2023-08-14T11:48:57","modified_gmt":"2023-08-14T14:48:57","slug":"en-punta-arenas-y-porvenir-lanzan-libro-que-plantea-nuevo-horizonte-de-sobrevivencia","status":"publish","type":"post","link":"https:\/\/www.radiopresidenteibanez.cl\/web\/en-punta-arenas-y-porvenir-lanzan-libro-que-plantea-nuevo-horizonte-de-sobrevivencia\/","title":{"rendered":"EN PUNTA ARENAS Y PORVENIR LANZAN LIBRO QUE PLANTEA NUEVO HORIZONTE DE SOBREVIVENCIA"},"content":{"rendered":"\n<p>En la ocasi\u00f3n participaron Carla Macchiavello Cornejo, coeditora del libro,<br>Hema\u2019ny Molina y Fernanda Olivares, autoras e integrantes de la Fundaci\u00f3n Hach<br>Saye, Melissa Carmody, directora del Parque Karukinka (WCS Chile), el Colectivo<br>\u00daltimaesperanza, Aymara Zegers del Museo de Historia Natural de R\u00edo Seco<br>(MHNRS) y Alessandra Burotto, Secretaria Ejecutiva de Artes de la Visualidad del<br>Ministerio de las Culturas, las Artes y el Patrimonio.<br>Turba Tol Hol-Hol Tol, que significa \u201ccoraz\u00f3n de las turberas\u201d en lengua<br>Selk&#8217;nam, fue el proyecto que represent\u00f3 a Chile en la 59\u00aa Bienal de Arte de<br>Venecia 2022, que en agosto de este a\u00f1o arriba a la Regi\u00f3n de Magallanes y la<br>Ant\u00e1rtica Chilena transformado en una publicaci\u00f3n experimental.<br>\u201cEste libro, y tambi\u00e9n el proyecto que lo origina, es un aporte al cuidado del<br>medioambiente, que surge a partir de un trabajo en el que se involucra la<br>ciencia, las artes y la cultura de los pueblos originarios. Centra su atenci\u00f3n en el<br>ecosistema y la conservaci\u00f3n de las turberas de Tierra del Fuego. Nos demuestra<br>adem\u00e1s, c\u00f3mo las artes pueden influir en los procesos de reparaci\u00f3n, respetando<br>y valorando los saberes tradicionales\u201d, dijo el Seremi de las Culturas, Diego<br>Garc\u00eda.<br>A partir de una vocaci\u00f3n ecoest\u00e9tica, las autoras dieron forma al libro Turba Tol<br>Hol-Hol, editado por Carla Macchiavello Cornejo y Camila Marambio, con el<br>dise\u00f1o de Rosario Ureta y la coordinaci\u00f3n de Constanza G\u00fcell. Adem\u00e1s de<br>exponer los ejes que guiaron al proyecto en Venecia, el libro presenta nuevos<br>modelos ecol\u00f3gicos inspirados en el Abya Yala \u2013el pueblo Kuna de Centroam\u00e9rica<\/p>\n\n\n\n<p>nombraba as\u00ed al continente americano aludiendo a \u201ctierra florecida\u201d o \u201ctierra<br>madura\u201d\u2013 apoy\u00e1ndose en la ciencia, los saberes tradicionales, las pr\u00e1cticas<br>art\u00edsticas, el pensamiento anticolonial y las perspectivas feministas no<br>hegem\u00f3nicas.<br>Con miras a contribuir al pensamiento ecocultural en Latinoam\u00e9rica, nuevos<br>textos fueron comisionados a artistas, cient\u00edficas, escritoras, acad\u00e9micas y<br>activistas, que pusieron su atenci\u00f3n en las turberas de Tierra de Fuego y las<br>ecoest\u00e9ticas de&nbsp;Turba Tol Hol-Hol Tol&nbsp;(el pabell\u00f3n). A estos ensayos se suma el<br>Acuerdo de Venecia, que en junio de 2022 reuni\u00f3 a cient\u00edficos, artistas y<br>activistas para el manejo ecol\u00f3gico y cultural de humedales y turberas a escala<br>planetaria. Tambi\u00e9n re\u00fane poes\u00eda desde el fin del mundo, ensayos visuales y una<br>ofrenda olfativa. Esta vasta compilaci\u00f3n de ensayos comisionados, reimpresiones<br>y poemas cuenta con m\u00e1s de 50 autoras latinoamericanas y del Caribe.<br>El proyecto presentado en Venecia fue curado por Camila Marambio y cont\u00f3 con<br>la participaci\u00f3n de Ariel Bustamante, artista sonoro, Carla Macchiavello Cornejo,<br>historiadora del arte, Dominga Sotomayor, cineasta, Alfredo Thiermann,<br>arquitecto, y Juan Pablo Vergara en el rol de gestor. Este anillo de trabajo y<br>colaboraci\u00f3n incluy\u00f3 a cient\u00edficos y organizaciones como el colectivo Ensayos,<br>Wildlife Conservation Society Chile (WCS Chile) y la Fundaci\u00f3n Hach Saye.<br>La propuesta fue seleccionada para representar a Chile en la 59\u00aa Bienal de Arte<br>de Venecia, en un esfuerzo conjunto entre el Ministerio de las Culturas, las Artes<br>y el Patrimonio y el Ministerio de Relaciones Exteriores, a trav\u00e9s de la Secretar\u00eda<br>de Artes de la Visualidad y la Divisi\u00f3n de las Culturas, las Artes, el Patrimonio y<br>Diplomacia P\u00fablica, respectivamente.<br>El libro tambi\u00e9n recoge los viajes por la regi\u00f3n de Magallanes, donde<br>compartieron saberes y miradas a trav\u00e9s de la escucha y la convivencia con<br>colaboradores locales, como la escritora Hema\u2019ny Molina, presidenta de la<br>Corporaci\u00f3n Selk\u2019nam-Chile y co-fundadora de Fundaci\u00f3n Hach Saye; Fernanda<br>Olivares, presidenta de Fundaci\u00f3n Hach Saye; Cecilia Soto, secretaria de<br>Fundaci\u00f3n Hach Saye; B\u00e1rbara Saavedra, directora de WCS Chile; Nicole P\u00fcschel,<br>encargada de Cambio Clim\u00e1tico y Biodiversidad de la misma entidad; y Rodrigo<br>Munzenmayer, guardaparque, a quienes se sumaron colaboradores art\u00edsticos<br>como Benjam\u00edn Echazarreta, director de fotograf\u00eda; Ricardo Gallo, compositor y<br>m\u00fasico colombiano;&nbsp;Rosario Ureta, dise\u00f1adora; Isabel Torres, artista; Sebasti\u00e1n<br>Cruz, arquitecto; y Carolina Caycedo artista colombiana como invitada especial.<br>Las experiencias de estos viajes fueron utilizadas en el pabell\u00f3n con el fin de<\/p>\n\n\n\n<p>poner en evidencia la capacidad de los musgos de las turberas para equilibrar el<br>efecto invernadero del planeta proponiendo un nuevo r\u00e9gimen de sobrevivencia.<br>La edici\u00f3n digital de Turba Tol Hol-Hol estar\u00e1 disponible en formato PDF, ePub y<br>flipbook en las plataformas de Mincap, Dirac, turbatol.org y<br>ensayostierradelfuego.net. La versi\u00f3n impresa ser\u00e1 publicada por el Ministerio de<br>las Culturas, las Artes y el Patrimonio de Chile en septiembre para ser distribuida<br>en bibliotecas y centros culturales del pa\u00eds.<\/p>\n","protected":false},"excerpt":{"rendered":"<p>En la ocasi\u00f3n participaron Carla Macchiavello Cornejo, coeditora del libro,Hema\u2019ny Molina y Fernanda Olivares, autoras e integrantes de la Fundaci\u00f3n HachSaye, Melissa Carmody, directora del Parque Karukinka (WCS Chile), el&#8230; <a class=\"read-more\" href=\"https:\/\/www.radiopresidenteibanez.cl\/web\/en-punta-arenas-y-porvenir-lanzan-libro-que-plantea-nuevo-horizonte-de-sobrevivencia\/\">Leer m\u00e1s<\/a><\/p>\n","protected":false},"author":2,"featured_media":42000,"comment_status":"closed","ping_status":"closed","sticky":false,"template":"","format":"standard","meta":{"footnotes":""},"categories":[1],"tags":[],"class_list":["post-41999","post","type-post","status-publish","format-standard","has-post-thumbnail","hentry","category-cronica"],"_links":{"self":[{"href":"https:\/\/www.radiopresidenteibanez.cl\/web\/wp-json\/wp\/v2\/posts\/41999","targetHints":{"allow":["GET"]}}],"collection":[{"href":"https:\/\/www.radiopresidenteibanez.cl\/web\/wp-json\/wp\/v2\/posts"}],"about":[{"href":"https:\/\/www.radiopresidenteibanez.cl\/web\/wp-json\/wp\/v2\/types\/post"}],"author":[{"embeddable":true,"href":"https:\/\/www.radiopresidenteibanez.cl\/web\/wp-json\/wp\/v2\/users\/2"}],"replies":[{"embeddable":true,"href":"https:\/\/www.radiopresidenteibanez.cl\/web\/wp-json\/wp\/v2\/comments?post=41999"}],"version-history":[{"count":0,"href":"https:\/\/www.radiopresidenteibanez.cl\/web\/wp-json\/wp\/v2\/posts\/41999\/revisions"}],"wp:featuredmedia":[{"embeddable":true,"href":"https:\/\/www.radiopresidenteibanez.cl\/web\/wp-json\/wp\/v2\/media\/42000"}],"wp:attachment":[{"href":"https:\/\/www.radiopresidenteibanez.cl\/web\/wp-json\/wp\/v2\/media?parent=41999"}],"wp:term":[{"taxonomy":"category","embeddable":true,"href":"https:\/\/www.radiopresidenteibanez.cl\/web\/wp-json\/wp\/v2\/categories?post=41999"},{"taxonomy":"post_tag","embeddable":true,"href":"https:\/\/www.radiopresidenteibanez.cl\/web\/wp-json\/wp\/v2\/tags?post=41999"}],"curies":[{"name":"wp","href":"https:\/\/api.w.org\/{rel}","templated":true}]}}