{"id":41963,"date":"2023-08-11T14:31:00","date_gmt":"2023-08-11T17:31:00","guid":{"rendered":"https:\/\/www.radiopresidenteibanez.cl\/web\/?p=41963"},"modified":"2023-08-11T11:35:56","modified_gmt":"2023-08-11T14:35:56","slug":"concejal-german-flores-el-estado-tiene-una-deuda-pendiente-con-el-pueblo-chilote-y-el-presidente-boric-lo-sabe","status":"publish","type":"post","link":"https:\/\/www.radiopresidenteibanez.cl\/web\/concejal-german-flores-el-estado-tiene-una-deuda-pendiente-con-el-pueblo-chilote-y-el-presidente-boric-lo-sabe\/","title":{"rendered":"CONCEJAL GERM\u00c1N FLORES: \u201cEL ESTADO TIENE UNA DEUDA PENDIENTE CON EL PUEBLO CHILOTE Y EL PRESIDENTE BORIC LO SABE\u201d"},"content":{"rendered":"\n<p>\u201cChile no ser\u00eda el mismo territorio sin la haza\u00f1a que realiz\u00f3 hacen 180 a\u00f1os la tripulaci\u00f3n de la Goleta Ancud aquel 21 de septiembre de 1843. Por ello, es tiempo que el Estado de Chile reconozca que la Toma de Posesi\u00f3n del Estrecho de Magallanes, permiti\u00f3 anexar la Patagonia a nuestra soberan\u00eda nacional, pero que el reconocimiento no s\u00f3lo sea con un acto, si no que se establezca por Ley cada 21 de septiembre feriado regional\u201d.<\/p>\n\n\n\n<p>Con estas palabras el concejal de la comuna Germ\u00e1n Flores intervino en la \u00faltima sesi\u00f3n del concejo municipal, en donde exigi\u00f3 que ya es tiempo de pasar de los grandes discursos a las acciones concretas y reconozcamos a pueblo chilote, a los tripulantes de la Goleta Ancud y a aquellas autoridades de esa \u00e9poca, que tuvieron el coraje y la visi\u00f3n, para llegar a este territorio de nadie y anexarlo a la soberan\u00eda de nuestra naci\u00f3n.&nbsp;<\/p>\n\n\n\n<p>\u201cEl Estado de Chile tiene una deuda hist\u00f3rica con el pueblo chilote y el Presidente Gabriel Boric lo sabe, por eso es tiempo que no s\u00f3lo nos reunamos cada a\u00f1o al lado de un lindo monumento a conmemorar la haza\u00f1a de la Goleta Ancud, si no que de una vez por toda se decreta feriado permanente regional cada 21 de septiembre. Ha habido muchos intentos para concertar este merecido homenaje y no han prosperado. En la \u00faltima semana Usted se\u00f1or alcalde con el Centro Hijos de Chilo\u00e9 y en las \u00faltimas horas, el diputado Bianchi, vale decir, hay voluntad, pero en este momento es el Presidente Boric quien tiene la \u00faltima palabra\u201d, expres\u00f3 el concejal.<\/p>\n\n\n\n<p>Al finalizar la intervenci\u00f3n del concejal Germ\u00e1n Flores, el concejo en forma un\u00e1nime acord\u00f3 oficiar a la Secretar\u00eda de la Presidencia de La Moneda, un acuerdo municipal en torno a que sea decretado feriado legal regional cada 21 de septiembre.<\/p>\n","protected":false},"excerpt":{"rendered":"<p>\u201cChile no ser\u00eda el mismo territorio sin la haza\u00f1a que realiz\u00f3 hacen 180 a\u00f1os la tripulaci\u00f3n de la Goleta Ancud aquel 21 de septiembre de 1843. Por ello, es tiempo&#8230; <a class=\"read-more\" href=\"https:\/\/www.radiopresidenteibanez.cl\/web\/concejal-german-flores-el-estado-tiene-una-deuda-pendiente-con-el-pueblo-chilote-y-el-presidente-boric-lo-sabe\/\">Leer m\u00e1s<\/a><\/p>\n","protected":false},"author":2,"featured_media":41964,"comment_status":"closed","ping_status":"closed","sticky":false,"template":"","format":"standard","meta":{"footnotes":""},"categories":[1],"tags":[],"class_list":["post-41963","post","type-post","status-publish","format-standard","has-post-thumbnail","hentry","category-cronica"],"_links":{"self":[{"href":"https:\/\/www.radiopresidenteibanez.cl\/web\/wp-json\/wp\/v2\/posts\/41963","targetHints":{"allow":["GET"]}}],"collection":[{"href":"https:\/\/www.radiopresidenteibanez.cl\/web\/wp-json\/wp\/v2\/posts"}],"about":[{"href":"https:\/\/www.radiopresidenteibanez.cl\/web\/wp-json\/wp\/v2\/types\/post"}],"author":[{"embeddable":true,"href":"https:\/\/www.radiopresidenteibanez.cl\/web\/wp-json\/wp\/v2\/users\/2"}],"replies":[{"embeddable":true,"href":"https:\/\/www.radiopresidenteibanez.cl\/web\/wp-json\/wp\/v2\/comments?post=41963"}],"version-history":[{"count":0,"href":"https:\/\/www.radiopresidenteibanez.cl\/web\/wp-json\/wp\/v2\/posts\/41963\/revisions"}],"wp:featuredmedia":[{"embeddable":true,"href":"https:\/\/www.radiopresidenteibanez.cl\/web\/wp-json\/wp\/v2\/media\/41964"}],"wp:attachment":[{"href":"https:\/\/www.radiopresidenteibanez.cl\/web\/wp-json\/wp\/v2\/media?parent=41963"}],"wp:term":[{"taxonomy":"category","embeddable":true,"href":"https:\/\/www.radiopresidenteibanez.cl\/web\/wp-json\/wp\/v2\/categories?post=41963"},{"taxonomy":"post_tag","embeddable":true,"href":"https:\/\/www.radiopresidenteibanez.cl\/web\/wp-json\/wp\/v2\/tags?post=41963"}],"curies":[{"name":"wp","href":"https:\/\/api.w.org\/{rel}","templated":true}]}}