{"id":41919,"date":"2023-08-09T17:41:00","date_gmt":"2023-08-09T20:41:00","guid":{"rendered":"https:\/\/www.radiopresidenteibanez.cl\/web\/?p=41919"},"modified":"2023-08-09T15:52:53","modified_gmt":"2023-08-09T18:52:53","slug":"gobierno-llega-hasta-sector-robledal-para-solucionar-nueva-problematica-por-nieve-y-lluvia","status":"publish","type":"post","link":"https:\/\/www.radiopresidenteibanez.cl\/web\/gobierno-llega-hasta-sector-robledal-para-solucionar-nueva-problematica-por-nieve-y-lluvia\/","title":{"rendered":"GOBIERNO LLEGA HASTA SECTOR ROBLEDAL PARA SOLUCIONAR NUEVA PROBLEMATICA POR NIEVE Y LLUVIA"},"content":{"rendered":"\n<p>Despu\u00e9s de un llamado por parte de la comunidad del sector Robledal, ubicado<br>en el Km 8 norte de Punta Arenas, el seremi de Gobierno, Andro Mimica, junto<br>a su par de Obras P\u00fablicas, Jos\u00e9 Hern\u00e1ndez, visitaron el sector para verificar<br>una nueva problem\u00e1tica generada por el deshielo de la nieve y las posteriores<br>lluvias.<br>Seg\u00fan la presidenta de la agrupaci\u00f3n de parceleros Villa Robledal, Eldina<br>\u00c1lvarez, que re\u00fane a m\u00e1s de 40 familias, explic\u00f3 que \u201ctodos los a\u00f1os este<br>sendero se desborda, siempre tenemos ese problema, y esta vez fue mucho<br>m\u00e1s cr\u00edtico, lo que provoc\u00f3 la inundaci\u00f3n de otras parcelas\u201d<br>Sin embargo, despu\u00e9s de la visita de las autoridades, Eldina asegur\u00f3 que \u201cHay<br>buenas noticias para los vecinos para los pr\u00f3ximos inviernos. Adem\u00e1s, le<br>mostramos (a las autoridades), especialmente una parcela de una vecina que<br>es la m\u00e1s afectada en el sector que le llega toda el agua del cerro, entonces<br>mejorando lo de arriba, podremos solucionar su problem\u00e1tica\u201d.<br>Al respecto el seremi de Gobierno, Andro Mimica, asegur\u00f3: \u201dHemos llegado<br>hasta el sector de Robledal, primero buscando una salida para esta emergencia<br>que se va a concretar a partir de las pr\u00f3ximas semanas, a trav\u00e9s de recursos<br>que vienen desde emergencia, desde el ministerio de Obras P\u00fablicas. Es la<br>obligatoriedad que tenemos nosotros como parte del Gobierno del Presidente<br>Gabriel Boric, de estar haciendo el acompa\u00f1amiento a las vecinas y vecinos de<br>los lugares m\u00e1s afectados que tuvimos en esta emergencia\u201d.<br>El vocero agreg\u00f3 que sin embargo, el gobierno no s\u00f3lo quiere dar soluciones<br>moment\u00e1neas, entonces \u201cposteriormente pasaremos a un proyecto m\u00e1s de<br>largo plazo, en un trabajo que tendr\u00e1 que realizar en terreno el MOP, para<br>brindar una soluci\u00f3n definitiva\u201d. .<br>El seremi de Obras P\u00fablicas, Jos\u00e9 Hern\u00e1ndez, explic\u00f3: \u201cAc\u00e1 la problem\u00e1tica<br>igual como hemos visto en otros puntos de la ciudad, es lo que pas\u00f3 el fin de<br>semana con la nieve y la lluvia y los deshielos que provocaron que se abriera<\/p>\n\n\n\n<p>un gran socav\u00f3n, adem\u00e1s vimos una zona de un punto bajo donde el agua<br>pas\u00f3 sobre el camino. Viendo esta misma problem\u00e1tica en otras zonas de la<br>comuna, junto con la Municipalidad y el Gobierno Regional, buscaremos poder<br>conseguir los recursos que nos permitan comprar materiales para abordar cada<br>uno de estos puntos que ha presentado esta problem\u00e1tica, y esperamos que<br>dentro del mes de agosto podamos darle soluci\u00f3n a los sectores m\u00e1s<br>complejos, que provoca falta de conectividad\u201d.<br>El secretario regional del MOP, agreg\u00f3 que \u201cal igual que en las otras zonas de<br>la ciudad, estamos trabajando con la direcci\u00f3n de Obras Hidr\u00e1ulicas,<br>priorizando aquellas zonas que requieren de un estudio de perfectibilidad, y en<br>este caso esta es una de las zonas que tambi\u00e9n vamos a tener que abordar<br>para poder levantar un an\u00e1lisis que nos permita definir las soluciones a futuro,<br>que logren canalizar las aguas lluvias, y tratar de evitar lo que sucedi\u00f3 este<br>a\u00f1o, que fue el desborde de alguna zonas con poca capacidad hidr\u00e1ulica, lo<br>que provoca corte de caminos dejando a la comunidad desconectada.<br>El vocero finaliz\u00f3 asegurando que \u201cEs muy necesario que entre todos, entre el<br>Gobierno del Presidente Boric, entre el Municipio, y entre las vecinas y vecinos<br>vayamos avanzando de la forma m\u00e1s sostenida posible, para que los sectores<br>periurbanos recobren su normalidad\u201d.<\/p>\n","protected":false},"excerpt":{"rendered":"<p>Despu\u00e9s de un llamado por parte de la comunidad del sector Robledal, ubicadoen el Km 8 norte de Punta Arenas, el seremi de Gobierno, Andro Mimica, juntoa su par de&#8230; <a class=\"read-more\" href=\"https:\/\/www.radiopresidenteibanez.cl\/web\/gobierno-llega-hasta-sector-robledal-para-solucionar-nueva-problematica-por-nieve-y-lluvia\/\">Leer m\u00e1s<\/a><\/p>\n","protected":false},"author":2,"featured_media":41920,"comment_status":"closed","ping_status":"closed","sticky":false,"template":"","format":"standard","meta":{"footnotes":""},"categories":[1],"tags":[],"class_list":["post-41919","post","type-post","status-publish","format-standard","has-post-thumbnail","hentry","category-cronica"],"_links":{"self":[{"href":"https:\/\/www.radiopresidenteibanez.cl\/web\/wp-json\/wp\/v2\/posts\/41919","targetHints":{"allow":["GET"]}}],"collection":[{"href":"https:\/\/www.radiopresidenteibanez.cl\/web\/wp-json\/wp\/v2\/posts"}],"about":[{"href":"https:\/\/www.radiopresidenteibanez.cl\/web\/wp-json\/wp\/v2\/types\/post"}],"author":[{"embeddable":true,"href":"https:\/\/www.radiopresidenteibanez.cl\/web\/wp-json\/wp\/v2\/users\/2"}],"replies":[{"embeddable":true,"href":"https:\/\/www.radiopresidenteibanez.cl\/web\/wp-json\/wp\/v2\/comments?post=41919"}],"version-history":[{"count":0,"href":"https:\/\/www.radiopresidenteibanez.cl\/web\/wp-json\/wp\/v2\/posts\/41919\/revisions"}],"wp:featuredmedia":[{"embeddable":true,"href":"https:\/\/www.radiopresidenteibanez.cl\/web\/wp-json\/wp\/v2\/media\/41920"}],"wp:attachment":[{"href":"https:\/\/www.radiopresidenteibanez.cl\/web\/wp-json\/wp\/v2\/media?parent=41919"}],"wp:term":[{"taxonomy":"category","embeddable":true,"href":"https:\/\/www.radiopresidenteibanez.cl\/web\/wp-json\/wp\/v2\/categories?post=41919"},{"taxonomy":"post_tag","embeddable":true,"href":"https:\/\/www.radiopresidenteibanez.cl\/web\/wp-json\/wp\/v2\/tags?post=41919"}],"curies":[{"name":"wp","href":"https:\/\/api.w.org\/{rel}","templated":true}]}}