{"id":41901,"date":"2023-08-09T11:38:00","date_gmt":"2023-08-09T14:38:00","guid":{"rendered":"https:\/\/www.radiopresidenteibanez.cl\/web\/?p=41901"},"modified":"2023-08-09T10:40:10","modified_gmt":"2023-08-09T13:40:10","slug":"proyecto-de-prevencion-de-accidentes-cerebrovasculares-llegara-a-180alumnos-y-alumnas-de-cuatro-establecimientos-educacionales-de-puntaarenas","status":"publish","type":"post","link":"https:\/\/www.radiopresidenteibanez.cl\/web\/proyecto-de-prevencion-de-accidentes-cerebrovasculares-llegara-a-180alumnos-y-alumnas-de-cuatro-establecimientos-educacionales-de-puntaarenas\/","title":{"rendered":"PROYECTO DE PREVENCION DE ACCIDENTES CEREBROVASCULARES LLEGARA A 180ALUMNOS Y ALUMNAS DE CUATRO ESTABLECIMIENTOS EDUCACIONALES DE PUNTAARENAS"},"content":{"rendered":"\n<p>En el Liceo Bicentenario \u201dLuis Alberto Barrera\u201d se realiz\u00f3 el lanzamiento de la 2da Versi\u00f3n del<br>Proyecto Intersectorial \u201cAct\u00edvate, Cu\u00eddate y Vive sin ACV, Promoci\u00f3n de la Salud\u201d, el cual tiene<br>como objetivo generar conciencia en estudiantes sobre los accidentes cerebrovasculares, entregar<br>conocimiento sobre su detecci\u00f3n temprana como la forma de prevenirlos.<br>Al igual que el a\u00f1o pasado trabajar\u00e1n de manera conjunta la Seremi de Salud, Servicio de Salud<br>Magallanes (SSM), Hospital Cl\u00ednico de Magallanes (HCM), Universidad de Magallanes y la Seremi<br>de Educaci\u00f3n.<br>Durante la presente versi\u00f3n se llegar\u00e1 con este mensaje preventivo a 180 de alumnos y alumnas<br>de tercero y cuarto medio de los establecimientos: Liceo Polivalente Sara Braun, Liceo<br>Experimental, Liceo Mar\u00eda Auxiliadora y el Liceo Luis Alberto Barrera.<br>La Seremi de Salud Magallanes, Francisca Sanfuentes, se\u00f1al\u00f3 que \u201ccomo sector salud estamos<br>muy contentos y expectantes de ser parte por segundo a\u00f1o en esta actividad que se encuentra<br>orientada en la prevenci\u00f3n de los ACV y en general en la promoci\u00f3n de los estilos de vida. En la<br>primera versi\u00f3n tuvimos una excelente llegada y participaci\u00f3n, liderada por el equipo de<br>neurolog\u00eda del HCM , con talleres dictado por docentes y estudiantes de las carreras de salud y<br>educaci\u00f3n f\u00edsica de la Umag\u201d.<br>Agreg\u00f3, que hay pocas iniciativas en nuestro pa\u00eds de esta envergadura y con este alcance y se<br>enmarca en el contexto de todas las pol\u00edticas p\u00fablicas que desarrolla el Ministerio de Salud de<br>prevenci\u00f3n y promoci\u00f3n de la salud en las cuales se tiene como objetivo fortalecer el autocuidado<br>de la comunidad.<br>El Dr. Javier Gaete indic\u00f3 que \u201cpara nosotros como equipo organizador es relevante llegar con el<br>mensaje a los j\u00f3venes. Primero es muy importante que se reconozcan con s\u00edntomas del ACV,<br>existe bajo conocimiento en cuanto a los s\u00edntomas as\u00ed lo demuestran los estudios. Para hacer un<br>diagn\u00f3stico y tratamiento oportuno de los pacientes que llegan con un ACV, es necesario que se<br>reconozcan a tiempo los s\u00edntomas\u201d.<br>A su vez, el especialista, manifest\u00f3 que esta enfermedad es prevenible hasta pr\u00e1cticamente en un<br>80%. Hay diez factores protectores que ayudan a reducir el riesgo como son las pr\u00e1cticas de<\/p>\n\n\n\n<p>h\u00e1bitos saludables de vida y control de enfermedades cr\u00f3nicas. Todos estos factores se pueden<br>intervenir y modificar<br>El proyecto considera en un periodo de tres meses ejecutar en cada establecimientos cinco<br>m\u00f3dulos: Neurolog\u00eda, kinesiolog\u00eda y Terapia Ocupacional; Actividad F\u00edsica; Nutrici\u00f3n, Diet\u00e9tica y<br>Fonoaudiolog\u00eda; Enfermer\u00eda y Salud Mental.<br>Los directores de los establecimientos participantes destacaron el hecho que esta iniciativa<br>entrega significativos conocimientos a los estudiantes. As\u00ed lo se\u00f1al\u00f3 el Director del Liceo Luis<br>Alberto Barrera, Victor Mansilla, pues explic\u00f3 que esta es una de las enfermedades que pueden<br>causar una importante discapacidad o hasta la muerte de las personas. A su juicio, lo m\u00e1s<br>trascendental es poder prevenirla a trav\u00e9s del saber.<br>Nestor R\u00edos como director del Liceo Sara Braun, agreg\u00f3 que esta nueva versi\u00f3n nos entrega la<br>posibilidad de concretar un mayor alcance en la comunidad a trav\u00e9s de la internalizaci\u00f3n del<br>mensaje preventivo. \u201cEstamos entusiastas de sumarnos nuevamente este a\u00f1o con la<br>incorporaci\u00f3n de dos nuevos colegios y as\u00ed lograr que la conciencia frente al ACV est\u00e9 presente<br>desde una edad temprana como es la de los j\u00f3venes\u201d.<br>En tanto, el Director del Liceo Experimental, Rodrigo Machuca, recalc\u00f3 la participaci\u00f3n de este<br>establecimiento por segundo a\u00f1o, la versi\u00f3n anterior entreg\u00f3 conocimiento a los alumnos, pero<br>tambi\u00e9n motiv\u00f3 a los estudiantes de tercero y cuarto medio a comprender que el ACV, no es una<br>enfermedad condicionada a los adultos mayores sino que es transversal a los diferentes grupos<br>et\u00e1reos. \u201cNuestros alumnos fueron replicadores de esta informaci\u00f3n en sus familias y c\u00edrculos<br>cercanos, ampliando el conocimiento de esta patolog\u00eda y de las medidas preventivas\u201d.<br>Cabe se\u00f1alar que Los accidentes cerebrovasculares (ACV) son una de las principales causas de<br>muerte y discapacidad en Chile y se calcula que cada a\u00f1o unas 25.000 personas se enfrentan a<br>esta patolog\u00eda en nuestro pa\u00eds. En la regi\u00f3n de Magallanes cada a\u00f1o entre 250 y 280 personas<br>sufren alg\u00fan tipo de ACV.<\/p>\n","protected":false},"excerpt":{"rendered":"<p>En el Liceo Bicentenario \u201dLuis Alberto Barrera\u201d se realiz\u00f3 el lanzamiento de la 2da Versi\u00f3n delProyecto Intersectorial \u201cAct\u00edvate, Cu\u00eddate y Vive sin ACV, Promoci\u00f3n de la Salud\u201d, el cual tienecomo&#8230; <a class=\"read-more\" href=\"https:\/\/www.radiopresidenteibanez.cl\/web\/proyecto-de-prevencion-de-accidentes-cerebrovasculares-llegara-a-180alumnos-y-alumnas-de-cuatro-establecimientos-educacionales-de-puntaarenas\/\">Leer m\u00e1s<\/a><\/p>\n","protected":false},"author":2,"featured_media":41902,"comment_status":"closed","ping_status":"closed","sticky":false,"template":"","format":"standard","meta":{"footnotes":""},"categories":[1],"tags":[],"class_list":["post-41901","post","type-post","status-publish","format-standard","has-post-thumbnail","hentry","category-cronica"],"_links":{"self":[{"href":"https:\/\/www.radiopresidenteibanez.cl\/web\/wp-json\/wp\/v2\/posts\/41901","targetHints":{"allow":["GET"]}}],"collection":[{"href":"https:\/\/www.radiopresidenteibanez.cl\/web\/wp-json\/wp\/v2\/posts"}],"about":[{"href":"https:\/\/www.radiopresidenteibanez.cl\/web\/wp-json\/wp\/v2\/types\/post"}],"author":[{"embeddable":true,"href":"https:\/\/www.radiopresidenteibanez.cl\/web\/wp-json\/wp\/v2\/users\/2"}],"replies":[{"embeddable":true,"href":"https:\/\/www.radiopresidenteibanez.cl\/web\/wp-json\/wp\/v2\/comments?post=41901"}],"version-history":[{"count":0,"href":"https:\/\/www.radiopresidenteibanez.cl\/web\/wp-json\/wp\/v2\/posts\/41901\/revisions"}],"wp:featuredmedia":[{"embeddable":true,"href":"https:\/\/www.radiopresidenteibanez.cl\/web\/wp-json\/wp\/v2\/media\/41902"}],"wp:attachment":[{"href":"https:\/\/www.radiopresidenteibanez.cl\/web\/wp-json\/wp\/v2\/media?parent=41901"}],"wp:term":[{"taxonomy":"category","embeddable":true,"href":"https:\/\/www.radiopresidenteibanez.cl\/web\/wp-json\/wp\/v2\/categories?post=41901"},{"taxonomy":"post_tag","embeddable":true,"href":"https:\/\/www.radiopresidenteibanez.cl\/web\/wp-json\/wp\/v2\/tags?post=41901"}],"curies":[{"name":"wp","href":"https:\/\/api.w.org\/{rel}","templated":true}]}}