{"id":41898,"date":"2023-08-09T10:37:33","date_gmt":"2023-08-09T13:37:33","guid":{"rendered":"https:\/\/www.radiopresidenteibanez.cl\/web\/?p=41898"},"modified":"2023-08-09T10:37:41","modified_gmt":"2023-08-09T13:37:41","slug":"sernameg-magallanes-especializa-a-personal-de-gendarmeria-como-agentes-preventivos-de-violencia-de-genero","status":"publish","type":"post","link":"https:\/\/www.radiopresidenteibanez.cl\/web\/sernameg-magallanes-especializa-a-personal-de-gendarmeria-como-agentes-preventivos-de-violencia-de-genero\/","title":{"rendered":"SERNAMEG MAGALLANES ESPECIALIZA A PERSONAL DE GENDARMERIA COMO AGENTES PREVENTIVOS DE VIOLENCIA DE GENERO"},"content":{"rendered":"\n<p>Tras una especializaci\u00f3n que abord\u00f3 la profundizaci\u00f3n en tem\u00e1ticas como g\u00e9nero,<br>comunidad LGTBQIA+, prevenci\u00f3n, primera acogida y red intersectorial de atenci\u00f3n,<br>protecci\u00f3n y reparaci\u00f3n de violencia contra las mujeres, este lunes 20 funcionarias y<br>funcionarios de Gendarmer\u00eda se certificaron como Agentes Preventivos por parte del<br>Servicio Nacional de la Mujer y la Equidad de G\u00e9nero, SernamEG Magallanes.<br>La especializaci\u00f3n, que se efectu\u00f3 en coordinaci\u00f3n con Gendarmer\u00eda en Magallanes, es<br>parte de la oferta program\u00e1tica permanente del \u00e1rea de Prevenci\u00f3n de Violencia Contra<br>las Mujeres del SernamEG -que en la comuna de Punta Arenas ejecuta la Fundaci\u00f3n FIDE<br>XII-, el cual tiene entre sus objetivos capacitar a agentes que ocupen una posici\u00f3n<br>estrat\u00e9gica por alcance e influencia en los distintos espacios sectoriales de prevenci\u00f3n<br>primaria, secundaria y terciaria de violencia.<br>\u201cCon estos talleres buscamos que las y los funcionarios actualicen o integren nuevos<br>conocimientos te\u00f3rico \u2013 pr\u00e1cticos que les permita entregar una primera acogida efectiva a<br>sobrevivientes de violencia, que posibilite la intervenci\u00f3n y apoyo de la red intersectorial y<br>tambi\u00e9n, entregar herramientas para identificar y prevenir eventuales hechos de violencia<br>de g\u00e9nero\u201d, coment\u00f3 la Directora Regional del SernamEG, Fabiola Garc\u00eda Pinto.<br>La ceremonia adem\u00e1s cont\u00f3 con la participaci\u00f3n de la Seremi de la Mujer y la Equidad de<br>G\u00e9nero Alejandra Ruiz Ovando, quien se\u00f1al\u00f3: \u201cPara nuestro Ministerio es muy importante<br>que se pueda capacitar a m\u00e1s personas, en este caso como agentes preventivos de<br>violencia contra las mujeres, porque entendemos que esta es una tarea que debemos<br>desarrollar todos y todas. Y el aporte que hace Gendarmer\u00eda para poder abordar esta<br>tem\u00e1tica dentro del contexto laboral va a ser de mucha relevancia para poder sostener<br>actividades preventivas en los distintos espacios en donde se desenvuelven\u201d.<br>As\u00ed tambi\u00e9n lo detall\u00f3 la cabo Romina Avenda\u00f1o Ch\u00e1vez: \u201cCreo que tanto Gendarmer\u00eda<br>como otras instituciones p\u00fablicas deben seguir capacit\u00e1ndose porque sin duda ha habido<br>un avance, pero como sociedad a\u00fan nos falta avanzar mucho para erradicar los distintos<br>tipos de violencia. Estos espacios sirven para que nosotros como agentes del estado<\/p>\n\n\n\n<p>tengamos las herramientas para poder orientar a las mujeres que sufren violencia tanto<br>como funcionarios p\u00fablicos como desde el \u00e1mbito personal\u201d.<br>\u201cLo que aprendimos no solamente sirve en el marco de nuestro trabajo, sino tambi\u00e9n con<br>nuestra familia y amigos. Es necesario saber c\u00f3mo abordar y enfrentar adecuadamente los<br>diferentes tipos de violencia contra las mujeres\u201d, a\u00f1adi\u00f3 el gendarme Nicol\u00e1s Gallardo<br>Caama\u00f1o, otro de los funcionarios certificados.<br>Cabe se\u00f1alar que la oferta program\u00e1tica en el \u00e1mbito de Prevenci\u00f3n de Violencia del<br>SernamEG permanece disponible todo el a\u00f1o, y mantiene abierta las inscripciones para<br>sensibilizaciones (2 a 6 horas pedag\u00f3gicas), capacitaci\u00f3n como monitor\/a juvenil (12<br>horas), y especializaci\u00f3n como agentes preventivos (16 horas). Para m\u00e1s informaci\u00f3n e<br>inscripciones visita la p\u00e1gina: https:\/\/app.sernam.cl\/form\/2023\/vcm\/prevencion\/.<\/p>\n","protected":false},"excerpt":{"rendered":"<p>Tras una especializaci\u00f3n que abord\u00f3 la profundizaci\u00f3n en tem\u00e1ticas como g\u00e9nero,comunidad LGTBQIA+, prevenci\u00f3n, primera acogida y red intersectorial de atenci\u00f3n,protecci\u00f3n y reparaci\u00f3n de violencia contra las mujeres, este lunes 20&#8230; <a class=\"read-more\" href=\"https:\/\/www.radiopresidenteibanez.cl\/web\/sernameg-magallanes-especializa-a-personal-de-gendarmeria-como-agentes-preventivos-de-violencia-de-genero\/\">Leer m\u00e1s<\/a><\/p>\n","protected":false},"author":2,"featured_media":41899,"comment_status":"closed","ping_status":"closed","sticky":false,"template":"","format":"standard","meta":{"footnotes":""},"categories":[1],"tags":[],"class_list":["post-41898","post","type-post","status-publish","format-standard","has-post-thumbnail","hentry","category-cronica"],"_links":{"self":[{"href":"https:\/\/www.radiopresidenteibanez.cl\/web\/wp-json\/wp\/v2\/posts\/41898","targetHints":{"allow":["GET"]}}],"collection":[{"href":"https:\/\/www.radiopresidenteibanez.cl\/web\/wp-json\/wp\/v2\/posts"}],"about":[{"href":"https:\/\/www.radiopresidenteibanez.cl\/web\/wp-json\/wp\/v2\/types\/post"}],"author":[{"embeddable":true,"href":"https:\/\/www.radiopresidenteibanez.cl\/web\/wp-json\/wp\/v2\/users\/2"}],"replies":[{"embeddable":true,"href":"https:\/\/www.radiopresidenteibanez.cl\/web\/wp-json\/wp\/v2\/comments?post=41898"}],"version-history":[{"count":0,"href":"https:\/\/www.radiopresidenteibanez.cl\/web\/wp-json\/wp\/v2\/posts\/41898\/revisions"}],"wp:featuredmedia":[{"embeddable":true,"href":"https:\/\/www.radiopresidenteibanez.cl\/web\/wp-json\/wp\/v2\/media\/41899"}],"wp:attachment":[{"href":"https:\/\/www.radiopresidenteibanez.cl\/web\/wp-json\/wp\/v2\/media?parent=41898"}],"wp:term":[{"taxonomy":"category","embeddable":true,"href":"https:\/\/www.radiopresidenteibanez.cl\/web\/wp-json\/wp\/v2\/categories?post=41898"},{"taxonomy":"post_tag","embeddable":true,"href":"https:\/\/www.radiopresidenteibanez.cl\/web\/wp-json\/wp\/v2\/tags?post=41898"}],"curies":[{"name":"wp","href":"https:\/\/api.w.org\/{rel}","templated":true}]}}