{"id":41886,"date":"2023-08-08T17:47:00","date_gmt":"2023-08-08T20:47:00","guid":{"rendered":"https:\/\/www.radiopresidenteibanez.cl\/web\/?p=41886"},"modified":"2023-08-08T15:42:34","modified_gmt":"2023-08-08T18:42:34","slug":"musica-para-la-memoria-en-radio-presidente-ibanez","status":"publish","type":"post","link":"https:\/\/www.radiopresidenteibanez.cl\/web\/musica-para-la-memoria-en-radio-presidente-ibanez\/","title":{"rendered":"\u00abM\u00daSICA PARA LA MEMORIA\u00bb\u00a0 EN\u00a0 RADIO\u00a0 PRESIDENTE\u00a0 IB\u00c1\u00d1EZ"},"content":{"rendered":"\n<p><em>\u00bfQu\u00e9 es la memoria? Hace referencia a una capacidad mental cuya funci\u00f3n es codificar, almacenar y recuperar informaci\u00f3n. Es decir, nos permite guardar en nuestro interior experiencias tales como sentimientos, sucesos, im\u00e1genes o ideas. En definitiva, cualquier elemento que pertenece a nuestro pasado.<\/em><\/p>\n\n\n\n<p>Este mi\u00e9rcoles 09 de agosto el programa&nbsp;<em>\u201cEl \u00faltimo tren a casa\u201d<\/em>&nbsp;a trav\u00e9s de las frecuencias de radio Presidente Ib\u00e1\u00f1ez a partir de las 19 hrs. entrega del ciclo denominado&nbsp;<strong>\u201cM\u00fasica para la Memoria\u201d<\/strong>, que se suma a la conmemoraci\u00f3n de los 50 a\u00f1os del Golpe de Estado en Chile. Se trata de un espacio dedicado a obras musicales conceptuales.<\/p>\n\n\n\n<p>En esta edici\u00f3n se dar\u00e1 a conocer&nbsp;<em>\u201cCantata Santa Mar\u00eda de Iquique\u201d<\/em>.<\/p>\n\n\n\n<p><em>La Cantata Popular Santa Mar\u00eda de Iquique<\/em>&nbsp;es una de las obras musicales emblem\u00e1ticas de la Nueva Canci\u00f3n Chilena. En ella se fundieron elementos musicales propios del folclor m\u00e1s elementos de la m\u00fasica docta y un contenido de denuncia social, que configuraron un disco conceptual. Los or\u00edgenes de la cantata Santa Mar\u00eda se remontan al a\u00f1o 1968, cuando en los primeros meses el compositor Luis Advis escribi\u00f3 una serie de veinte poemas luego de un viaje a Iquique. En 1969 Luis Advis conoci\u00f3 al conjunto Quilapay\u00fan y en noviembre del mismo a\u00f1o compuso la obra, basada en aquellos poemas, en su experiencia para la obra de teatro y apoy\u00e1ndose en el libro&nbsp;<em>\u00abRese\u00f1a hist\u00f3rica de Tarapac\u00e1\u00bb<\/em>. La tem\u00e1tica trataba sobre una matanza ocurrida en la Escuela Santa Mar\u00eda de Iquique en 1907. Contact\u00f3 al conjunto, les facilit\u00f3 el texto, y luego de aplicados ensayos estuvieron listos para presentarla a mediados del a\u00f1o 1970.<\/p>\n\n\n\n<p>El estreno de la Cantata Popular Santa Mar\u00eda de Iquique se realiz\u00f3 en agosto de 1970, en el marco del&nbsp;<em>2\u00b0 Festival de la Nueva Canci\u00f3n Chilena<\/em>, realizado en el entonces llamado Estadio Chile, actual&nbsp;<em>Estadio V\u00edctor Jara<\/em>. La interpretaci\u00f3n estuvo a cargo del grupo&nbsp;<em>Quilapay\u00fan<\/em>&nbsp;y la narraci\u00f3n, en la voz del actor&nbsp;<em>Marcelo Romo<\/em>. Un mes antes la hab\u00edan grabado para el sello Dicap con la voz de&nbsp;<em>H\u00e9ctor Duvauchelle<\/em>, versi\u00f3n que ser\u00eda la m\u00e1s conocida. Posteriormente fue interpretada, en variadas oportunidades, con la voz del tambi\u00e9n actor&nbsp;<em>Roberto Parada<\/em>.&nbsp;<\/p>\n\n\n\n<p><em>\u00abLa cantata\u00bb<\/em>, nombre con el que se le conoce popularmente, es una de las principales obras musicales en la historia de la m\u00fasica popular chilena.&nbsp;<\/p>\n\n\n\n<p><em>La Cantata de Santa Mar\u00eda de Iquique<\/em>&nbsp;creada por&nbsp;<em>Luis Advis<\/em>&nbsp;e interpretada por el grupo&nbsp;<em>Quilapay\u00fan<\/em>&nbsp;fue una de las principales composiciones musicales de la&nbsp;<em>Nueva Canci\u00f3n Chilena<\/em>&nbsp;y r\u00e1pidamente se convirti\u00f3 en un emblema de los grupos militantes de la<em>&nbsp;Unidad Popular<\/em>, la coalici\u00f3n pol\u00edtica de izquierda que llev\u00f3 a la Presidencia de Chile a&nbsp;<em>Salvador Allende<\/em>&nbsp;en septiembre de 1970.<\/p>\n\n\n\n<p><em>La cantata Santa Mar\u00eda de Iquique<\/em>&nbsp;habla&nbsp;&nbsp;de la matanza de trabajadores del salitre cometida en Chile el 21 de diciembre de 1907. Diversas fuentes afirmaban que fueron asesinadas entre 2200 a 3600 personas (hombres, mujeres y ni\u00f1os)&nbsp;&nbsp;mientras que las cifras oficiales del gobierno de la \u00e9poca solo indicaban 126 muertes.<\/p>\n\n\n\n<p>En este ciclo de programas se incluir\u00e1n adem\u00e1s las obras:<\/p>\n\n\n\n<p>&#8211;&nbsp;&nbsp;&nbsp;&nbsp;&nbsp;&nbsp;&nbsp;&nbsp;&nbsp;<em>&nbsp;\u201cCanto General\u201d de Pablo Neruda con el grupo APARCOA<\/em><\/p>\n\n\n\n<p><em>&#8211;&nbsp;&nbsp;&nbsp;&nbsp;&nbsp;&nbsp;&nbsp;&nbsp;&nbsp;\u201cLos Fuegos del Hielo\u201d con el grupo CONGRESO<\/em><\/p>\n\n\n\n<p><em>&#8211;&nbsp;&nbsp;&nbsp;&nbsp;&nbsp;&nbsp;&nbsp;&nbsp;&nbsp;\u201cCantata de los Derechos Humanos\u201d con el grupo ORTIGA<\/em><\/p>\n\n\n\n<p><em>&#8211;&nbsp;&nbsp;&nbsp;&nbsp;&nbsp;&nbsp;&nbsp;&nbsp;&nbsp;\u201cEl Pionero\u201d del grupo Taller ALTURAS<\/em><\/p>\n\n\n\n<p><em>&#8211;&nbsp; &nbsp;&nbsp;\u201cCanto Para Una Semilla\u201d de Violeta Parra &#8211; Inti-Illimani, Isabel Parra, Carmen Bunster<\/em><\/p>\n\n\n\n<p><em>&#8211;&nbsp;&nbsp;&nbsp;&nbsp;&nbsp;&nbsp;&nbsp;&nbsp;&nbsp;\u201cAlturas de Machu Picchu\u201d de Pablo Neruda con los JAIVAS<\/em><\/p>\n\n\n\n<p><em>&#8211;&nbsp; &nbsp;&nbsp;\u201cLa Poblaci\u00f3n\u201d de V\u00cdCTOR JARA<\/em><\/p>\n\n\n\n<p><em>&#8211;&nbsp;&nbsp;&nbsp;&nbsp;&nbsp;&nbsp;&nbsp;&nbsp;&nbsp;\u201cVietnam\u201d de QUILAPAY\u00daN<\/em><\/p>\n\n\n\n<p><em>&#8211;&nbsp;Obras de SCHWENKE &amp; NILO, OSVALDO \u201cGitano\u201d RODR\u00cdGUEZ, ROLANDO ALARC\u00d3N, H\u00c9CTOR PAVEZ, entre otros.<\/em><\/p>\n\n\n\n<p><strong>\u201cM\u00fasica para la Memoria\u201d<\/strong>&nbsp;&nbsp;va cada mi\u00e9rcoles con repetici\u00f3n el d\u00eda viernes a las 19 hrs. los meses de Agosto y Septiembre dentro del programa&nbsp;<em>\u201cEl \u00faltimo tren a casa\u201d<\/em>.<\/p>\n\n\n\n<p>Frecuencias:<\/p>\n\n\n\n<p>&#8211;&nbsp;&nbsp;&nbsp;&nbsp;&nbsp;&nbsp;&nbsp;&nbsp;&nbsp;88.5 FM Punta Arenas y Puerto Natales<\/p>\n\n\n\n<p>&#8211;&nbsp;&nbsp;&nbsp;&nbsp;&nbsp;&nbsp;&nbsp;&nbsp;&nbsp;Canal 34 Tv Red Premium<\/p>\n\n\n\n<p>&#8211;&nbsp;&nbsp;&nbsp;&nbsp;&nbsp;&nbsp;&nbsp;&nbsp;&nbsp;Facebook live<\/p>\n\n\n\n<p>&#8211;&nbsp;&nbsp;&nbsp;&nbsp;&nbsp;&nbsp;&nbsp;&nbsp;&nbsp;<a href=\"http:\/\/www.radiopresidenteibanez.cl\/\" rel=\"noreferrer noopener\" target=\"_blank\">www.radiopresidenteibanez.cl<\/a><\/p>\n","protected":false},"excerpt":{"rendered":"<p>\u00bfQu\u00e9 es la memoria? Hace referencia a una capacidad mental cuya funci\u00f3n es codificar, almacenar y recuperar informaci\u00f3n. Es decir, nos permite guardar en nuestro interior experiencias tales como sentimientos,&#8230; <a class=\"read-more\" href=\"https:\/\/www.radiopresidenteibanez.cl\/web\/musica-para-la-memoria-en-radio-presidente-ibanez\/\">Leer m\u00e1s<\/a><\/p>\n","protected":false},"author":2,"featured_media":41887,"comment_status":"closed","ping_status":"closed","sticky":false,"template":"","format":"standard","meta":{"footnotes":""},"categories":[1],"tags":[],"class_list":["post-41886","post","type-post","status-publish","format-standard","has-post-thumbnail","hentry","category-cronica"],"_links":{"self":[{"href":"https:\/\/www.radiopresidenteibanez.cl\/web\/wp-json\/wp\/v2\/posts\/41886","targetHints":{"allow":["GET"]}}],"collection":[{"href":"https:\/\/www.radiopresidenteibanez.cl\/web\/wp-json\/wp\/v2\/posts"}],"about":[{"href":"https:\/\/www.radiopresidenteibanez.cl\/web\/wp-json\/wp\/v2\/types\/post"}],"author":[{"embeddable":true,"href":"https:\/\/www.radiopresidenteibanez.cl\/web\/wp-json\/wp\/v2\/users\/2"}],"replies":[{"embeddable":true,"href":"https:\/\/www.radiopresidenteibanez.cl\/web\/wp-json\/wp\/v2\/comments?post=41886"}],"version-history":[{"count":0,"href":"https:\/\/www.radiopresidenteibanez.cl\/web\/wp-json\/wp\/v2\/posts\/41886\/revisions"}],"wp:featuredmedia":[{"embeddable":true,"href":"https:\/\/www.radiopresidenteibanez.cl\/web\/wp-json\/wp\/v2\/media\/41887"}],"wp:attachment":[{"href":"https:\/\/www.radiopresidenteibanez.cl\/web\/wp-json\/wp\/v2\/media?parent=41886"}],"wp:term":[{"taxonomy":"category","embeddable":true,"href":"https:\/\/www.radiopresidenteibanez.cl\/web\/wp-json\/wp\/v2\/categories?post=41886"},{"taxonomy":"post_tag","embeddable":true,"href":"https:\/\/www.radiopresidenteibanez.cl\/web\/wp-json\/wp\/v2\/tags?post=41886"}],"curies":[{"name":"wp","href":"https:\/\/api.w.org\/{rel}","templated":true}]}}