{"id":41869,"date":"2023-08-08T14:13:00","date_gmt":"2023-08-08T17:13:00","guid":{"rendered":"https:\/\/www.radiopresidenteibanez.cl\/web\/?p=41869"},"modified":"2023-08-08T11:35:39","modified_gmt":"2023-08-08T14:35:39","slug":"consejo-regional-aprueba-por-unanimidad-el-financiamiento-para-calles-en-cerro-castillo","status":"publish","type":"post","link":"https:\/\/www.radiopresidenteibanez.cl\/web\/consejo-regional-aprueba-por-unanimidad-el-financiamiento-para-calles-en-cerro-castillo\/","title":{"rendered":"CONSEJO REGIONAL APRUEBA POR UNANIMIDAD EL FINANCIAMIENTO PARA CALLES EN CERRO CASTILLO"},"content":{"rendered":"\n<p>El proyecto sancionado alcanza un total de M$1.684.333, monto que brindar\u00e1 un mejor est\u00e1ndar a<br>la vialidad de la comuna, beneficiando a los pobladores quienes transitan d\u00eda a d\u00eda por los caminos<br>de tierra en mal estado especialmente en la \u00e9poca invernal, donde las precipitaciones de agua<br>nieve, dificultan el paso peatonal y vehicular, as\u00ed lo mencion\u00f3 Patricio Gam\u00edn B, Consejero por la<br>Provincia de Ultima Esperanza, \u2018\u2019eso conlleva a mejorar el entorno de la comuna, el entorno de la<br>villa para vienes tur\u00edsticos y tambi\u00e9n para grandes eventos deportivos y culturales donde se junta<br>mucha gente, especialmente en el verano y en el invierno , cuando hay evento deportivo, es muy<br>importante para que los turistas y la gente que vive ah\u00ed , la gente que va a pasear tenga un buen<br>pasar en las calles que hoy est\u00e1n en malas condiciones que es pura tierra\u2019\u2019.<br>Por su parte y en nombre de la comunidad de Cerro Castillo de la comuna Torres del Paine, su<br>Alcaldesa Sra. Anah\u00ed C\u00e1rdenas R, se\u00f1al\u00f3 \u201cla verdad que para nosotros los que vivimos en ese lugar<br>se agradece este financiamiento con eso vamos a tener el total de nuestras calles de nuestra<br>capital comunal pavimentada\u2019\u2019, respecto a la aprobaci\u00f3n en Sesi\u00f3n del pleno del Consejo, iniciativa<br>que financiar\u00e1 al denominado \u2018\u2019Mejoramiento Diversas Calles Villa Cerro Castillo\u2019\u2019.<br>En materia t\u00e9cnica, cabe se\u00f1alar que las mejoras viales consideran obras de pavimentaci\u00f3n en<br>Hormig\u00f3n para las calles, el Carretero en 225 metros lineales; el Pasajero en 315 metros lineales y<br>calle el Campa\u00f1ista en 217 metros lineales, lo que totaliza 757 metros lineales. Adem\u00e1s, dentro de<br>los arreglos se realizar\u00e1n instalaciones de nuevas iluminarias, aceras peatonales, embellecimiento<br>del paisaje y rodados para discapacitados.<br>En tanto la Consejera Ximena Monta\u00f1a V. tambi\u00e9n representante de la provincia, recalc\u00f3 la<br>relevancia y necesidad de arreglos en la villa, dado que cada a\u00f1o reciben afluencia de extranjeros y<br>nacionales que visitan el Parque Nacional Torres del Paine, \u2018\u2019es un acto de equidad territorial<br>entendiendo las dificultades que tienen las personas que habitan este territorio debido a la lejan\u00eda<br>que tiene con la comuna de Natales a la falta de servicios b\u00e1sicos al aislamiento e y entendiendo<br>que son un poblado fundamental para el desarrollo de la regi\u00f3n puesto que son la puerta de<br>entrada al Parque Nacional Torres del Paine principal atractivo de todos los parques nacionales en<br>chile\u2019\u2019.<\/p>\n","protected":false},"excerpt":{"rendered":"<p>El proyecto sancionado alcanza un total de M$1.684.333, monto que brindar\u00e1 un mejor est\u00e1ndar ala vialidad de la comuna, beneficiando a los pobladores quienes transitan d\u00eda a d\u00eda por los&#8230; <a class=\"read-more\" href=\"https:\/\/www.radiopresidenteibanez.cl\/web\/consejo-regional-aprueba-por-unanimidad-el-financiamiento-para-calles-en-cerro-castillo\/\">Leer m\u00e1s<\/a><\/p>\n","protected":false},"author":2,"featured_media":41870,"comment_status":"closed","ping_status":"closed","sticky":false,"template":"","format":"standard","meta":{"footnotes":""},"categories":[1],"tags":[],"class_list":["post-41869","post","type-post","status-publish","format-standard","has-post-thumbnail","hentry","category-cronica"],"_links":{"self":[{"href":"https:\/\/www.radiopresidenteibanez.cl\/web\/wp-json\/wp\/v2\/posts\/41869","targetHints":{"allow":["GET"]}}],"collection":[{"href":"https:\/\/www.radiopresidenteibanez.cl\/web\/wp-json\/wp\/v2\/posts"}],"about":[{"href":"https:\/\/www.radiopresidenteibanez.cl\/web\/wp-json\/wp\/v2\/types\/post"}],"author":[{"embeddable":true,"href":"https:\/\/www.radiopresidenteibanez.cl\/web\/wp-json\/wp\/v2\/users\/2"}],"replies":[{"embeddable":true,"href":"https:\/\/www.radiopresidenteibanez.cl\/web\/wp-json\/wp\/v2\/comments?post=41869"}],"version-history":[{"count":0,"href":"https:\/\/www.radiopresidenteibanez.cl\/web\/wp-json\/wp\/v2\/posts\/41869\/revisions"}],"wp:featuredmedia":[{"embeddable":true,"href":"https:\/\/www.radiopresidenteibanez.cl\/web\/wp-json\/wp\/v2\/media\/41870"}],"wp:attachment":[{"href":"https:\/\/www.radiopresidenteibanez.cl\/web\/wp-json\/wp\/v2\/media?parent=41869"}],"wp:term":[{"taxonomy":"category","embeddable":true,"href":"https:\/\/www.radiopresidenteibanez.cl\/web\/wp-json\/wp\/v2\/categories?post=41869"},{"taxonomy":"post_tag","embeddable":true,"href":"https:\/\/www.radiopresidenteibanez.cl\/web\/wp-json\/wp\/v2\/tags?post=41869"}],"curies":[{"name":"wp","href":"https:\/\/api.w.org\/{rel}","templated":true}]}}