{"id":41857,"date":"2023-08-08T09:31:00","date_gmt":"2023-08-08T12:31:00","guid":{"rendered":"https:\/\/www.radiopresidenteibanez.cl\/web\/?p=41857"},"modified":"2023-08-08T14:41:54","modified_gmt":"2023-08-08T17:41:54","slug":"eremi-desarrollo-social-y-senadis-lanzan-convocatoria-para-el-financiamiento-de-servicios-de-apoyo-y-adaptaciones-para-personas-con-discapacidad","status":"publish","type":"post","link":"https:\/\/www.radiopresidenteibanez.cl\/web\/eremi-desarrollo-social-y-senadis-lanzan-convocatoria-para-el-financiamiento-de-servicios-de-apoyo-y-adaptaciones-para-personas-con-discapacidad\/","title":{"rendered":"SEREMI DESARROLLO SOCIAL Y SENADIS LANZAN CONVOCATORIA PARA EL FINANCIAMIENTO DE SERVICIOS DE APOYO Y ADAPTACIONES PARA PERSONAS CON DISCAPACIDAD"},"content":{"rendered":"\n<p>El Secretario Regional Ministerial de Desarrollo Social y Familia, Danilo Mimica Mansilla, y la Directora Regional del Servicio Nacional de la Discapacidad (SENADIS), Bernarda Cares Coronado, se reunieron de forma telem\u00e1tica con agrupaciones para dar a conocer el proceso de postulaci\u00f3n al Programa Tr\u00e1nsito a la Vida Independiente, que&nbsp;financia servicios de apoyo y asistencia a las personas en situaci\u00f3n de discapacidad y a organizaciones.<\/p>\n\n\n\n<p>En la oportunidad, el Seremi Mimica destac\u00f3 que \u201cqueremos difundir este importante programa de nuestro ministerio, que tal como su nombre lo indica busca que las personas cuenten con una mayor independencia, autodeterminaci\u00f3n, y calidad de vida, porque sabemos que nuestro pa\u00eds tiene una deuda con la inclusi\u00f3n de las personas con discapacidad, que son el 17% de la poblaci\u00f3n adulta.&nbsp;Este a\u00f1o la convocatoria dispone de $1.480 millones de pesos, que ser\u00e1n distribuidos de manera individual y colectiva, a nivel nacional, para el financiamiento de servicios de apoyo, adaptaciones del entorno, capacitaci\u00f3n y estrategias que fortalezcan la autonom\u00eda, autodeterminaci\u00f3n, y calidad de vida de las personas con discapacidad\u201d.<\/p>\n\n\n\n<p>En tanto, la Directora Regional de SENADIS, Bernarda Cares, se\u00f1al\u00f3 que \u201cdesde el servicio estamos trabajando para avanzar en la inclusi\u00f3n social de todas las personas con discapacidad de nuestra regi\u00f3n, promoviendo y garantizando sus derechos, as\u00ed como de quienes cumplen el importante rol de cuidadoras y cuidadores. A trav\u00e9s de la implementaci\u00f3n del programa de Tr\u00e1nsito a la Vida Independiente, las personas que han accedido a esta estrategia en nuestra regi\u00f3n han podido avanzar hacia la vida independiente, lo que contribuye a mejorar su calidad de vida y su participaci\u00f3n social\u201d.<\/p>\n\n\n\n<p>A la Modalidad Individual, pueden postular personas con discapacidad y dependencia en cualquier grado, entre 18 y 59 a\u00f1os, inscritas en el Registro Nacional de la Discapacidad (RND), para recibir servicios de apoyo, como asistente personal, asistente de traslado, int\u00e9rprete de lengua de se\u00f1as y adaptaciones del entorno, entre otros, que favorezcan su tr\u00e1nsito a la vida independiente. El tope de financiamiento es de $3 millones 900 mil.<\/p>\n\n\n\n<p>En la Modalidad Colectiva, pueden postular organizaciones p\u00fablicas o privadas sin fines de lucro para proveer servicios de apoyo y adaptaciones del entorno. Los montos considerados para esta modalidad van desde los $5 millones a $30 millones.<\/p>\n\n\n\n<p>Las postulaciones se efect\u00faan en el sitio&nbsp;<a href=\"http:\/\/www.senadis.gob.cl\/\" target=\"_blank\" rel=\"noreferrer noopener\">www.senadis.gob.cl<\/a>&nbsp;donde se encuentran disponibles las bases y la plataforma de postulaci\u00f3n, hasta el mi\u00e9rcoles 16 de agosto de 2023, a las 17:00 horas de Magallanes.<\/p>\n","protected":false},"excerpt":{"rendered":"<p>El Secretario Regional Ministerial de Desarrollo Social y Familia, Danilo Mimica Mansilla, y la Directora Regional del Servicio Nacional de la Discapacidad (SENADIS), Bernarda Cares Coronado, se reunieron de forma&#8230; <a class=\"read-more\" href=\"https:\/\/www.radiopresidenteibanez.cl\/web\/eremi-desarrollo-social-y-senadis-lanzan-convocatoria-para-el-financiamiento-de-servicios-de-apoyo-y-adaptaciones-para-personas-con-discapacidad\/\">Leer m\u00e1s<\/a><\/p>\n","protected":false},"author":2,"featured_media":41858,"comment_status":"closed","ping_status":"closed","sticky":false,"template":"","format":"standard","meta":{"footnotes":""},"categories":[1],"tags":[],"class_list":["post-41857","post","type-post","status-publish","format-standard","has-post-thumbnail","hentry","category-cronica"],"_links":{"self":[{"href":"https:\/\/www.radiopresidenteibanez.cl\/web\/wp-json\/wp\/v2\/posts\/41857","targetHints":{"allow":["GET"]}}],"collection":[{"href":"https:\/\/www.radiopresidenteibanez.cl\/web\/wp-json\/wp\/v2\/posts"}],"about":[{"href":"https:\/\/www.radiopresidenteibanez.cl\/web\/wp-json\/wp\/v2\/types\/post"}],"author":[{"embeddable":true,"href":"https:\/\/www.radiopresidenteibanez.cl\/web\/wp-json\/wp\/v2\/users\/2"}],"replies":[{"embeddable":true,"href":"https:\/\/www.radiopresidenteibanez.cl\/web\/wp-json\/wp\/v2\/comments?post=41857"}],"version-history":[{"count":0,"href":"https:\/\/www.radiopresidenteibanez.cl\/web\/wp-json\/wp\/v2\/posts\/41857\/revisions"}],"wp:featuredmedia":[{"embeddable":true,"href":"https:\/\/www.radiopresidenteibanez.cl\/web\/wp-json\/wp\/v2\/media\/41858"}],"wp:attachment":[{"href":"https:\/\/www.radiopresidenteibanez.cl\/web\/wp-json\/wp\/v2\/media?parent=41857"}],"wp:term":[{"taxonomy":"category","embeddable":true,"href":"https:\/\/www.radiopresidenteibanez.cl\/web\/wp-json\/wp\/v2\/categories?post=41857"},{"taxonomy":"post_tag","embeddable":true,"href":"https:\/\/www.radiopresidenteibanez.cl\/web\/wp-json\/wp\/v2\/tags?post=41857"}],"curies":[{"name":"wp","href":"https:\/\/api.w.org\/{rel}","templated":true}]}}