{"id":41853,"date":"2023-08-08T08:23:00","date_gmt":"2023-08-08T11:23:00","guid":{"rendered":"https:\/\/www.radiopresidenteibanez.cl\/web\/?p=41853"},"modified":"2023-08-08T08:07:54","modified_gmt":"2023-08-08T11:07:54","slug":"gobierno-de-magallanes-trabaja-en-dar-solucion-a-las-familias-afectadas-por-los-deshielos","status":"publish","type":"post","link":"https:\/\/www.radiopresidenteibanez.cl\/web\/gobierno-de-magallanes-trabaja-en-dar-solucion-a-las-familias-afectadas-por-los-deshielos\/","title":{"rendered":"GOBIERNO DE MAGALLANES TRABAJA EN DAR SOLUCION A LAS FAMILIAS AFECTADAS POR LOS DESHIELOS"},"content":{"rendered":"\n<p>Despu\u00e9s del balance del \u00faltimo s\u00e1bado, realizado por el Comit\u00e9 Regional para la Gesti\u00f3n del Riesgo de Desastres (COGRID Regional), debido a la acumulaci\u00f3n de aguas lluvias, y en donde se determin\u00f3 que adem\u00e1s de la restricci\u00f3n de tr\u00e1nsito de manera preventiva y hasta nuevo aviso, en varios puntos de la ciudad; y la ayuda oportuna para aquellas familias que se han visto afectadas con respecto a sus hogares y\/o las calles cercanas, &nbsp;&nbsp;el Gobierno de Magallanes se propuso realizar un constante monitoreo en todas aquellas zonas cr\u00edticas, y tambi\u00e9n en aquellos sectores donde las comunidades se comunican para pedir apoyo. &nbsp;<\/p>\n\n\n\n<p>Al respecto el seremi de gobierno, Andro Mimica, sostuvo: \u201cYa cuando ha amainado un poco nuestra emergencia climatol\u00f3gica, lo que viene ahora por&nbsp; parte de nuestro Gobierno y del Municipio de Punta Arenas, es ir buscando los puntos de mayor conflictividad, &nbsp;y estar catastrando para precisamente poder centrarnos en la ayuda necesaria que permita restablecer el libre tr\u00e1nsito, y el buen vivir, y para eso vamos a necesitar seguir desplegados&nbsp; en el territorio\u201d.<\/p>\n\n\n\n<p>Hasta el d\u00eda domingo 6 de agosto fueron 10 las viviendas y varios caminos los inundados, dejando aisladas a varias familias de la comuna de Punta Arenas. Pero el trabajo con motobombas, y el apoyo del ej\u00e9rcito trasladando sacos de tierra, adem\u00e1s de la evacuaci\u00f3n de las personas afectadas por parte de Carabineros, permitieron dar una r\u00e1pida respuesta a la emergencia.<\/p>\n\n\n\n<p>Sin embargo, el Gobierno asegur\u00f3 que el apoyo no parar\u00e1, y hoy sigui\u00f3 trabajando en distintas zonas de la ciudad. En esta oportunidad se trat\u00f3 del sector El Andino donde se pudo \u201cconstatar que hab\u00edan unos diques que estaban afectando a las vecinos y vecinos&nbsp; que hasta el d\u00eda de hoy a\u00fan se encuentran con el agua en sus patios. El compromiso de nuestro Gobierno, del Presidente Gabriel Boric, es estar constantemente en el territorio, &nbsp;y eso nosotros lo vamos a hacer cumplir&nbsp; con el fin de poder llegar con las ayudas en el menos tiempo posible, entendiendo de la afectaci\u00f3n que est\u00e1n teniendo cientos de ciudadanos en la comuna de Punta Arenas\u201d, sostuvo el vocero de Gobierno, Andro Mimica.<\/p>\n\n\n\n<p>El seremi del Ministerio de Obras P\u00fablicas, Jos\u00e9 Luis Hern\u00e1ndez, asegur\u00f3 que \u201cHicimos las gestiones para primero, pedirle a Senapred que a trav\u00e9s del Municipio se consiguieran un cami\u00f3n aljibe o una motobomba &nbsp;para poder desaguar el sector de las casas inundadas y se convers\u00f3 con la empresa que est\u00e1 haciendo trabajos en la zona para que puedan limpiar los ductos que estaban tapados con material, adem\u00e1s de habilitar una nueva tuber\u00eda en el sector con la cuota que corresponde para poder desaguar las aguas de esa zona. Esperamos que entre hoy y ma\u00f1ana se pueda comenzar a llevar a cabo esta tarea\u201d.&nbsp;<\/p>\n","protected":false},"excerpt":{"rendered":"<p>Despu\u00e9s del balance del \u00faltimo s\u00e1bado, realizado por el Comit\u00e9 Regional para la Gesti\u00f3n del Riesgo de Desastres (COGRID Regional), debido a la acumulaci\u00f3n de aguas lluvias, y en donde&#8230; <a class=\"read-more\" href=\"https:\/\/www.radiopresidenteibanez.cl\/web\/gobierno-de-magallanes-trabaja-en-dar-solucion-a-las-familias-afectadas-por-los-deshielos\/\">Leer m\u00e1s<\/a><\/p>\n","protected":false},"author":2,"featured_media":41854,"comment_status":"closed","ping_status":"closed","sticky":false,"template":"","format":"standard","meta":{"footnotes":""},"categories":[1],"tags":[],"class_list":["post-41853","post","type-post","status-publish","format-standard","has-post-thumbnail","hentry","category-cronica"],"_links":{"self":[{"href":"https:\/\/www.radiopresidenteibanez.cl\/web\/wp-json\/wp\/v2\/posts\/41853","targetHints":{"allow":["GET"]}}],"collection":[{"href":"https:\/\/www.radiopresidenteibanez.cl\/web\/wp-json\/wp\/v2\/posts"}],"about":[{"href":"https:\/\/www.radiopresidenteibanez.cl\/web\/wp-json\/wp\/v2\/types\/post"}],"author":[{"embeddable":true,"href":"https:\/\/www.radiopresidenteibanez.cl\/web\/wp-json\/wp\/v2\/users\/2"}],"replies":[{"embeddable":true,"href":"https:\/\/www.radiopresidenteibanez.cl\/web\/wp-json\/wp\/v2\/comments?post=41853"}],"version-history":[{"count":0,"href":"https:\/\/www.radiopresidenteibanez.cl\/web\/wp-json\/wp\/v2\/posts\/41853\/revisions"}],"wp:featuredmedia":[{"embeddable":true,"href":"https:\/\/www.radiopresidenteibanez.cl\/web\/wp-json\/wp\/v2\/media\/41854"}],"wp:attachment":[{"href":"https:\/\/www.radiopresidenteibanez.cl\/web\/wp-json\/wp\/v2\/media?parent=41853"}],"wp:term":[{"taxonomy":"category","embeddable":true,"href":"https:\/\/www.radiopresidenteibanez.cl\/web\/wp-json\/wp\/v2\/categories?post=41853"},{"taxonomy":"post_tag","embeddable":true,"href":"https:\/\/www.radiopresidenteibanez.cl\/web\/wp-json\/wp\/v2\/tags?post=41853"}],"curies":[{"name":"wp","href":"https:\/\/api.w.org\/{rel}","templated":true}]}}