{"id":41841,"date":"2023-08-07T15:13:00","date_gmt":"2023-08-07T18:13:00","guid":{"rendered":"https:\/\/www.radiopresidenteibanez.cl\/web\/?p=41841"},"modified":"2023-08-08T14:43:54","modified_gmt":"2023-08-08T17:43:54","slug":"con-musica-color-y-juegos-los-ninos-y-ninas-de-la-comuna-de-natales-celebraron-su-dia","status":"publish","type":"post","link":"https:\/\/www.radiopresidenteibanez.cl\/web\/con-musica-color-y-juegos-los-ninos-y-ninas-de-la-comuna-de-natales-celebraron-su-dia\/","title":{"rendered":"CON M\u00daSICA, COLOR Y JUEGOS LOS NI\u00d1OS Y NI\u00d1AS DE LA COMUNA DE NATALES CELEBRARON SU D\u00cdA"},"content":{"rendered":"\n<p>Durante la tarde del viernes 4 en el Gimnasio Carrera de la ciudad de Puerto Natales se llev\u00f3 a cabo una alegre y entretenida actividad dirigida a los ni\u00f1os y ni\u00f1as de la comuna con el fin de celebrar el D\u00eda de la Ni\u00f1ez. La iniciativa fue organizada en conjunto entre la Municipalidad de Natales y la Corporaci\u00f3n de Cultura Turismo y Patrimonio.<\/p>\n\n\n\n<p>Al evento que se inici\u00f3 a las 14:30 horas y culmin\u00f3 a las 19:00 horas fue visita por alrededor de 400 ni\u00f1os y ni\u00f1as que acudieron acompa\u00f1ados por un adulto, los que fueron celebrados con distintas entretenciones como: pinta caritas, juegos inflables, simuladores de autos, corp\u00f3reos, globoflexia, concursos art\u00edsticos, sorteos y colaciones.<\/p>\n\n\n\n<p>Con respecto a la iniciativa la directora de la Direcci\u00f3n de Desarrollo Comunitario, (DIDECO) Claudia Hern\u00e1ndez Oyarzo se\u00f1al\u00f3 que, \u201cquisimos abrir un espacio de colores y diversi\u00f3n para los ni\u00f1os y ni\u00f1as de la comuna para que lo disfruten en forma totalmente gratuita todas las entretenciones que tenemos dispuestas para tales efectos. Aprovecho tambi\u00e9n para agradecer la gran convocatoria que siempre tienen est\u00e1s actividades que se organizan con mucho cari\u00f1o y dedicaci\u00f3n\u201d.<\/p>\n\n\n\n<p>En tanto Nicole C\u00e1rdenas Vera agreg\u00f3 que, esta actividad pretend\u00eda brindarles a las familias de la comuna un espacio seguro donde podamos celebrar y festejar a los ni\u00f1os y ni\u00f1as. Teniendo siempre presente que en la medida que sepamos proteger y estimular adecuadamente a las infancias, lograremos formar adultos y adultas sanas que aporten al engrandecimiento y desarrollo de las personas y de nuestra comuna.<\/p>\n","protected":false},"excerpt":{"rendered":"<p>Durante la tarde del viernes 4 en el Gimnasio Carrera de la ciudad de Puerto Natales se llev\u00f3 a cabo una alegre y entretenida actividad dirigida a los ni\u00f1os y&#8230; <a class=\"read-more\" href=\"https:\/\/www.radiopresidenteibanez.cl\/web\/con-musica-color-y-juegos-los-ninos-y-ninas-de-la-comuna-de-natales-celebraron-su-dia\/\">Leer m\u00e1s<\/a><\/p>\n","protected":false},"author":2,"featured_media":41842,"comment_status":"closed","ping_status":"closed","sticky":false,"template":"","format":"standard","meta":{"footnotes":""},"categories":[1],"tags":[],"class_list":["post-41841","post","type-post","status-publish","format-standard","has-post-thumbnail","hentry","category-cronica"],"_links":{"self":[{"href":"https:\/\/www.radiopresidenteibanez.cl\/web\/wp-json\/wp\/v2\/posts\/41841","targetHints":{"allow":["GET"]}}],"collection":[{"href":"https:\/\/www.radiopresidenteibanez.cl\/web\/wp-json\/wp\/v2\/posts"}],"about":[{"href":"https:\/\/www.radiopresidenteibanez.cl\/web\/wp-json\/wp\/v2\/types\/post"}],"author":[{"embeddable":true,"href":"https:\/\/www.radiopresidenteibanez.cl\/web\/wp-json\/wp\/v2\/users\/2"}],"replies":[{"embeddable":true,"href":"https:\/\/www.radiopresidenteibanez.cl\/web\/wp-json\/wp\/v2\/comments?post=41841"}],"version-history":[{"count":0,"href":"https:\/\/www.radiopresidenteibanez.cl\/web\/wp-json\/wp\/v2\/posts\/41841\/revisions"}],"wp:featuredmedia":[{"embeddable":true,"href":"https:\/\/www.radiopresidenteibanez.cl\/web\/wp-json\/wp\/v2\/media\/41842"}],"wp:attachment":[{"href":"https:\/\/www.radiopresidenteibanez.cl\/web\/wp-json\/wp\/v2\/media?parent=41841"}],"wp:term":[{"taxonomy":"category","embeddable":true,"href":"https:\/\/www.radiopresidenteibanez.cl\/web\/wp-json\/wp\/v2\/categories?post=41841"},{"taxonomy":"post_tag","embeddable":true,"href":"https:\/\/www.radiopresidenteibanez.cl\/web\/wp-json\/wp\/v2\/tags?post=41841"}],"curies":[{"name":"wp","href":"https:\/\/api.w.org\/{rel}","templated":true}]}}