{"id":4176,"date":"2019-05-14T14:41:42","date_gmt":"2019-05-14T14:41:42","guid":{"rendered":"http:\/\/www.radiopresidenteibanez.cl\/web\/?p=4176"},"modified":"2019-05-14T14:42:07","modified_gmt":"2019-05-14T14:42:07","slug":"seremi-de-educacion-reitero-que-proyecto-de-ley-admision-justa-apuesta-por-acoger-a-los-ninos-con-necesidades-educativas-especiales-permanentes-neep-y-pie","status":"publish","type":"post","link":"https:\/\/www.radiopresidenteibanez.cl\/web\/seremi-de-educacion-reitero-que-proyecto-de-ley-admision-justa-apuesta-por-acoger-a-los-ninos-con-necesidades-educativas-especiales-permanentes-neep-y-pie\/","title":{"rendered":"SEREMI DE EDUCACI\u00d3N REITER\u00d3 QUE PROYECTO DE LEY ADMISI\u00d3N JUSTA APUESTA POR ACOGER A LOS NI\u00d1OS CON NECESIDADES EDUCATIVAS ESPECIALES PERMANENTES (NEEP) Y PIE"},"content":{"rendered":"\n<p>En un di\u00e1logo franco la Seremi de Educaci\u00f3n de Magallanes se reuni\u00f3 con una representante de los apoderados de la regi\u00f3n de Magallanes cuyos hijos presentan Necesidades Educativas Especiales Permanentes (NEEP) y que acceden adem\u00e1s a programas PIE (Programa de Integraci\u00f3n Especial), di\u00e1logo que permiti\u00f3 escuchar las diversas experiencias de estos padres y sus hijos, al postular a trav\u00e9s del Sistema de Admisi\u00f3n Escolar &#8211; SAE.<\/p>\n\n\n\n<p>En el encuentro realizado en la Secreduc Magallanes, la Seremi Beatriz S\u00e1nchez recogi\u00f3 las principales inquietudes de estas familias. \u201cHemos escuchado a un sector de los padres que se han sentido postergados por este sistema, porque el SAE no permite que sus hijos e hijas accedan a cupos en aquellos establecimientos educacionales pueden ofrecer programas de integraci\u00f3n\u201d, dijo la autoridad.<\/p>\n\n\n\n<p>El actual Sistema de Admisi\u00f3n Escolar no considera a los ni\u00f1os que tienen necesidades educativas especiales permanente ni aquellos que requieren de apoyo de los programas de Integraci\u00f3n (PIE), \u201cpor lo que como Ministerio nos interesaba conversar con estos apoderados y decirles que el Proyecto de Ley Admisi\u00f3n Justa espera convertirse en un proyecto inclusivo al abrir espacios reales a estos ni\u00f1os y otorgarles un cupo de acuerdo con sus necesidades\u201d, afirm\u00f3 la Seremi.<\/p>\n\n\n\n<p>Finalmente, Beatriz S\u00e1nchez fue enf\u00e1tica en se\u00f1alar que Admisi\u00f3n Justa espera eliminar los problemas que el Sistema SAE ha generado en las familias magall\u00e1nicas, dificultades que se arrastran desde hace 3 a\u00f1os, cuando el sistema se puso en marcha como plan piloto.<\/p>\n\n\n\n<figure class=\"wp-block-image\"><img loading=\"lazy\" decoding=\"async\" width=\"900\" height=\"600\" src=\"https:\/\/www.radiopresidenteibanez.cl\/web\/wp-content\/uploads\/2019\/05\/IMG_2065.jpg\" alt=\"\" class=\"wp-image-4177\" srcset=\"https:\/\/www.radiopresidenteibanez.cl\/web\/wp-content\/uploads\/2019\/05\/IMG_2065.jpg 900w, https:\/\/www.radiopresidenteibanez.cl\/web\/wp-content\/uploads\/2019\/05\/IMG_2065-300x200.jpg 300w, https:\/\/www.radiopresidenteibanez.cl\/web\/wp-content\/uploads\/2019\/05\/IMG_2065-768x512.jpg 768w\" sizes=\"auto, (max-width: 900px) 100vw, 900px\" \/><\/figure>\n","protected":false},"excerpt":{"rendered":"<p>En un di\u00e1logo franco la Seremi de Educaci\u00f3n de Magallanes se reuni\u00f3 con una representante de los apoderados de la regi\u00f3n de Magallanes cuyos hijos presentan Necesidades Educativas Especiales Permanentes&#8230; <a class=\"read-more\" href=\"https:\/\/www.radiopresidenteibanez.cl\/web\/seremi-de-educacion-reitero-que-proyecto-de-ley-admision-justa-apuesta-por-acoger-a-los-ninos-con-necesidades-educativas-especiales-permanentes-neep-y-pie\/\">Leer m\u00e1s<\/a><\/p>\n","protected":false},"author":2,"featured_media":4177,"comment_status":"closed","ping_status":"closed","sticky":false,"template":"","format":"standard","meta":{"footnotes":""},"categories":[1],"tags":[],"class_list":["post-4176","post","type-post","status-publish","format-standard","has-post-thumbnail","hentry","category-cronica"],"_links":{"self":[{"href":"https:\/\/www.radiopresidenteibanez.cl\/web\/wp-json\/wp\/v2\/posts\/4176","targetHints":{"allow":["GET"]}}],"collection":[{"href":"https:\/\/www.radiopresidenteibanez.cl\/web\/wp-json\/wp\/v2\/posts"}],"about":[{"href":"https:\/\/www.radiopresidenteibanez.cl\/web\/wp-json\/wp\/v2\/types\/post"}],"author":[{"embeddable":true,"href":"https:\/\/www.radiopresidenteibanez.cl\/web\/wp-json\/wp\/v2\/users\/2"}],"replies":[{"embeddable":true,"href":"https:\/\/www.radiopresidenteibanez.cl\/web\/wp-json\/wp\/v2\/comments?post=4176"}],"version-history":[{"count":0,"href":"https:\/\/www.radiopresidenteibanez.cl\/web\/wp-json\/wp\/v2\/posts\/4176\/revisions"}],"wp:featuredmedia":[{"embeddable":true,"href":"https:\/\/www.radiopresidenteibanez.cl\/web\/wp-json\/wp\/v2\/media\/4177"}],"wp:attachment":[{"href":"https:\/\/www.radiopresidenteibanez.cl\/web\/wp-json\/wp\/v2\/media?parent=4176"}],"wp:term":[{"taxonomy":"category","embeddable":true,"href":"https:\/\/www.radiopresidenteibanez.cl\/web\/wp-json\/wp\/v2\/categories?post=4176"},{"taxonomy":"post_tag","embeddable":true,"href":"https:\/\/www.radiopresidenteibanez.cl\/web\/wp-json\/wp\/v2\/tags?post=4176"}],"curies":[{"name":"wp","href":"https:\/\/api.w.org\/{rel}","templated":true}]}}