{"id":41751,"date":"2023-08-03T08:17:00","date_gmt":"2023-08-03T11:17:00","guid":{"rendered":"https:\/\/www.radiopresidenteibanez.cl\/web\/?p=41751"},"modified":"2023-08-03T08:12:38","modified_gmt":"2023-08-03T11:12:38","slug":"municipio-desplego-megaoperativo-para-hacerle-frente-a-nevazon","status":"publish","type":"post","link":"https:\/\/www.radiopresidenteibanez.cl\/web\/municipio-desplego-megaoperativo-para-hacerle-frente-a-nevazon\/","title":{"rendered":"MUNICIPIO DESPLEGO MEGAOPERATIVO PARA HACERLE FRENTE A NEVAZON"},"content":{"rendered":"\n<p>Una ardua y extensa jornada es la que ha tenido que llevar a cabo la Direcci\u00f3n de Operaciones y Emergencias de la Municipalidad de Punta Arenas, para hacerle frente a los estragos que ha dejado la ca\u00edda de nieve sobre las \u00faltimas horas en la capital regional de Magallanes.<\/p>\n\n\n\n<p>Con un turno continuo que parti\u00f3 desde las 20 horas de este pasado martes, funcionarios municipales trabajaron sin descanso hasta altas horas de la madrugada de hoy mi\u00e9rcoles, ante el inesperado volumen de precipitaciones que, por parte del Servicio Nacional de Prevenci\u00f3n de Riesgos ante Desastres (Senapred), no fue advertido hac\u00eda la oficina municipal.<\/p>\n\n\n\n<p>Fue as\u00ed como, alrededor de las 5 de la madrugada, la directora de Operaciones del municipio local, Sonia Vargas, explic\u00f3 que \u201cse solicit\u00f3 la suspensi\u00f3n de clases a las autoridades de Educaci\u00f3n, para evitar accidentes y tener un menor flujo vehicular que nos permita trabajar de manera m\u00e1s expedita sobre los distintos sectores tanto urbanos como periurbanos de nuestra ciudad\u201d.<\/p>\n\n\n\n<p>De esta manera, con la medida preventiva de mantener a los estudiantes en sus hogares, los establecimientos de educaci\u00f3n municipalizada continuaron operando para la entrega de la alimentaci\u00f3n para la comunidad estudiantil que lo requiriera durante la ajetreada jornada.<\/p>\n\n\n\n<p>En tanto, ante la declaraci\u00f3n de zona de emergencia por alteraci\u00f3n de conectividad vial por parte de Senapred, el municipio local despleg\u00f3 una serie de dispositivos para atender las distintas contingencias, logrando despejar m\u00e1s de 300 kil\u00f3metros de nieve en la zona urbana de la comuna, y m\u00e1s de 100 kil\u00f3metros de caminos periurbanos.<\/p>\n\n\n\n<p>A ra\u00edz de los distintos estragos&nbsp;evento hidrometeorol\u00f3gico que afecta a la Provincia de Magallanes, el alcalde de Punta Arenas, Claudio Radonich, particip\u00f3 en horas de la tarde de una mesa de trabajo del comit\u00e9 de emergencias regional, para actualizaci\u00f3n de las medidas preventivas a tomar para este jueves. De esta forma, el jefe comunal, explic\u00f3 que \u201cse decidi\u00f3 por segunda vez dar el visto bueno al requerimiento para la suspensi\u00f3n de clases como medida preventiva, y de esta manera ma\u00f1ana jueves la comunidad estudiantil se mantendr\u00e1 en sus hogares\u201d, explic\u00f3 el edil, quien agreg\u00f3 que \u201clos ex\u00e1menes pr\u00e1cticos de licencia de conducir tambi\u00e9n fueron suspendidos\u201d.<\/p>\n\n\n\n<p>\u201cQuiero agradecer el arduo esfuerzo de los funcionarios municipales que han trabajado incansablemente para dar respuesta a los estragos causados por esta emergencia. Lo primero fue despejar la nieve, y luego el esparcido de sal, producto el cual ya llevamos a la fecha el equivalente a todo lo que tiramos en un a\u00f1o normal sobre las calles de la ciudad. A\u00fan nos quedan muchas toneladas, y llega otra cantidad importante el 12 de agosto\u201d, afirm\u00f3 Radonich.&nbsp;&nbsp;<\/p>\n\n\n\n<p>Es as\u00ed como, por medio de un equipo de diecis\u00e9is funcionarios municipales entre t\u00e9cnicos y auxiliares, las labores de cinco camionetas saleras, cuatro motoniveladoras (dos municipales, una de Ej\u00e9rcito y una del MOP), y tres camiones saleros de ocho toneladas con pala barrenieve; se desplegaron los distintos equipos para las tareas de esparcido de sal, y retiro y despeje de nieve. Sumado a esto, se comunic\u00f3 que, dado a que se prev\u00e9n bajas temperaturas y no se descarta otra ca\u00edda de nieve para las pr\u00f3ximas 24 horas, las cuadrillas municipales de emergencia, mantendr\u00e1n los mismos turnos de trabajo en terreno para responder ante cualquier eventualidad.<\/p>\n\n\n\n<p>Cabe recordar que, ante cualquier imprevisto provocado por este frente de invierno, la comunidad puede solicitar asistencia comunic\u00e1ndose al 800 800 134, l\u00ednea de emergencias dispuesta por la Municipalidad de Punta Arenas<\/p>\n","protected":false},"excerpt":{"rendered":"<p>Una ardua y extensa jornada es la que ha tenido que llevar a cabo la Direcci\u00f3n de Operaciones y Emergencias de la Municipalidad de Punta Arenas, para hacerle frente a&#8230; <a class=\"read-more\" href=\"https:\/\/www.radiopresidenteibanez.cl\/web\/municipio-desplego-megaoperativo-para-hacerle-frente-a-nevazon\/\">Leer m\u00e1s<\/a><\/p>\n","protected":false},"author":2,"featured_media":41752,"comment_status":"closed","ping_status":"closed","sticky":false,"template":"","format":"standard","meta":{"footnotes":""},"categories":[1],"tags":[],"class_list":["post-41751","post","type-post","status-publish","format-standard","has-post-thumbnail","hentry","category-cronica"],"_links":{"self":[{"href":"https:\/\/www.radiopresidenteibanez.cl\/web\/wp-json\/wp\/v2\/posts\/41751","targetHints":{"allow":["GET"]}}],"collection":[{"href":"https:\/\/www.radiopresidenteibanez.cl\/web\/wp-json\/wp\/v2\/posts"}],"about":[{"href":"https:\/\/www.radiopresidenteibanez.cl\/web\/wp-json\/wp\/v2\/types\/post"}],"author":[{"embeddable":true,"href":"https:\/\/www.radiopresidenteibanez.cl\/web\/wp-json\/wp\/v2\/users\/2"}],"replies":[{"embeddable":true,"href":"https:\/\/www.radiopresidenteibanez.cl\/web\/wp-json\/wp\/v2\/comments?post=41751"}],"version-history":[{"count":0,"href":"https:\/\/www.radiopresidenteibanez.cl\/web\/wp-json\/wp\/v2\/posts\/41751\/revisions"}],"wp:featuredmedia":[{"embeddable":true,"href":"https:\/\/www.radiopresidenteibanez.cl\/web\/wp-json\/wp\/v2\/media\/41752"}],"wp:attachment":[{"href":"https:\/\/www.radiopresidenteibanez.cl\/web\/wp-json\/wp\/v2\/media?parent=41751"}],"wp:term":[{"taxonomy":"category","embeddable":true,"href":"https:\/\/www.radiopresidenteibanez.cl\/web\/wp-json\/wp\/v2\/categories?post=41751"},{"taxonomy":"post_tag","embeddable":true,"href":"https:\/\/www.radiopresidenteibanez.cl\/web\/wp-json\/wp\/v2\/tags?post=41751"}],"curies":[{"name":"wp","href":"https:\/\/api.w.org\/{rel}","templated":true}]}}