{"id":41735,"date":"2023-08-02T11:17:00","date_gmt":"2023-08-02T14:17:00","guid":{"rendered":"https:\/\/www.radiopresidenteibanez.cl\/web\/?p=41735"},"modified":"2023-08-02T10:32:28","modified_gmt":"2023-08-02T13:32:28","slug":"desde-el-salar-ardiente-y-mineral-al-bosque-austral-unidos-en-la-lucha-y-el-trabajo-iran-canta-quilapayun","status":"publish","type":"post","link":"https:\/\/www.radiopresidenteibanez.cl\/web\/desde-el-salar-ardiente-y-mineral-al-bosque-austral-unidos-en-la-lucha-y-el-trabajo-iran-canta-quilapayun\/","title":{"rendered":"\u00ab.. Desde el salar ardiente y mineral al bosque austral unidos en la lucha y el trabajo ir\u00e1n ..\u00bb canta Quilapayun"},"content":{"rendered":"\n<p>&nbsp;Nuestros vecinos ferroviarios viv\u00edan la pol\u00edtica a su manera y se lo hac\u00edan saber a quien quisiera escucharlos. Amistosos y dicharacheros hasta que se acercaban las elecciones. Ah\u00ed se separaban en 2 bandos irreconciliables. Freistas y allendistas. Los primeros, a veces entraditos en copas, cada fin de semana hac\u00edan su ingreso al pasaje cantando a voz en cuello el himno democratacristiano \u201cbrilla el sol\u201d.<br>Era cosa de escucharlos y ya estaban esper\u00e1ndolos, en la esquina de Bogota y Mendoza los segundos, cantando a todo pulm\u00f3n el Venceremos y dando vivas por Allende. Ven\u00eda a continuaci\u00f3n un acalorado debate en el que se entremezclaban consignas, propuestas, virtudes y defectos de los candidatos. Era una zalagarda infernal en que ninguno dejaba hablar al otro.<br>En un momento de la madrugada los dem\u00e1s vecinos hartos de esta pelea, pon\u00edan fin al improvisado foro a garabato limpio.<br>Lleg\u00f3 1970 y la campa\u00f1a se puso al rojo. Una artesanal encuesta hecha en la cuadra, daba ganador a Allende 20 por 8 sobre Tomic. Alessandri ten\u00eda el voto fiel del \u00fanico vecino de derecha, que viv\u00eda al frente de nuestra casa. En esta campa\u00f1a anduvo por la poblaci\u00f3n el doctor Allende que se gan\u00f3 unos cuantos votos con su discurso.<br>A pesar de que en mi casa poco o nada se hablaba sobre el particular, un d\u00eda en la ma\u00f1ana saludaba a los vecinos que pasaban por ah\u00ed, un afiche del candidato junto al s\u00edmbolo de la Unidad Popular.<\/p>\n\n\n\n<p>2.- M\u00e1ximo Pino fue un gran amigo de mi padre. El y Jorge D\u00edaz eran due\u00f1os de una excelente oratoria y se apasionaban discutiendo sobre pol\u00edtica. Pese a que fallecieron hace tantos a\u00f1os no puedo dejar de recordar la madurez y firmeza de sus opiniones.<br>El 4 de Septiembre de 1970 el se\u00f1or Pino estaba en nuestra casa compartiendo con mi padre. Con una botella de vino blanco y un par de \u201csanguches\u201d segu\u00edan las alternativas de la elecci\u00f3n presidencial por televisi\u00f3n. No recuerdo la hora, pero se hab\u00eda venido la noche, cuando un funcionario de gobierno con cara de pocos amigos apareci\u00f3 en la pantalla y proclam\u00f3 el triunfo de Allende.<br>Don M\u00e1ximo se puso de pie, levanto el pu\u00f1o izquierdo y mientras las lagrimas corr\u00edan por sus ojos, cant\u00f3 a todo pulm\u00f3n La Internacional. Con mis hermanos lo mir\u00e1bamos extra\u00f1ados. Termin\u00f3 de cantar y nos abraz\u00f3 a todos, estaba euf\u00f3rico. -Ganamos, ganamos, repet\u00eda alegremente. El pueblo tendr\u00e1 su gobierno chiquillos, nos dec\u00eda sin parar de llorar y re\u00edr. &#8211; Viva el compa\u00f1ero Allende mierda, grit\u00f3 a todo pulm\u00f3n, y se lanz\u00f3 a la calle a celebrar.<br>Subidos a la reja de la casa, ve\u00edamos como por la calle principal de la poblaci\u00f3n pasaba en marcha una larga columna de personas. Hombres, mujeres y ni\u00f1os, portando antorchas, globos, plumeros, tarros, cornetas y banderas, avanzaban hac\u00eda el sur y cantaban euf\u00f3ricos.<br>Ta,ra,ra,ra,ra,ra,ran, &#8211; Allende, Ta,ra,ran -Allende Ta,ra,ran -Allende.<br>&#8211; El gobierno de los pobres; &#8211; el compa\u00f1ero presidente.<br>Frases sueltas brotaban de todas las bocas, consignas, himnos, entraban por mis o\u00eddos y se quedaban grabados.<\/p>\n","protected":false},"excerpt":{"rendered":"<p>&nbsp;Nuestros vecinos ferroviarios viv\u00edan la pol\u00edtica a su manera y se lo hac\u00edan saber a quien quisiera escucharlos. Amistosos y dicharacheros hasta que se acercaban las elecciones. Ah\u00ed se separaban&#8230; <a class=\"read-more\" href=\"https:\/\/www.radiopresidenteibanez.cl\/web\/desde-el-salar-ardiente-y-mineral-al-bosque-austral-unidos-en-la-lucha-y-el-trabajo-iran-canta-quilapayun\/\">Leer m\u00e1s<\/a><\/p>\n","protected":false},"author":2,"featured_media":41736,"comment_status":"closed","ping_status":"closed","sticky":false,"template":"","format":"standard","meta":{"footnotes":""},"categories":[1],"tags":[],"class_list":["post-41735","post","type-post","status-publish","format-standard","has-post-thumbnail","hentry","category-cronica"],"_links":{"self":[{"href":"https:\/\/www.radiopresidenteibanez.cl\/web\/wp-json\/wp\/v2\/posts\/41735","targetHints":{"allow":["GET"]}}],"collection":[{"href":"https:\/\/www.radiopresidenteibanez.cl\/web\/wp-json\/wp\/v2\/posts"}],"about":[{"href":"https:\/\/www.radiopresidenteibanez.cl\/web\/wp-json\/wp\/v2\/types\/post"}],"author":[{"embeddable":true,"href":"https:\/\/www.radiopresidenteibanez.cl\/web\/wp-json\/wp\/v2\/users\/2"}],"replies":[{"embeddable":true,"href":"https:\/\/www.radiopresidenteibanez.cl\/web\/wp-json\/wp\/v2\/comments?post=41735"}],"version-history":[{"count":0,"href":"https:\/\/www.radiopresidenteibanez.cl\/web\/wp-json\/wp\/v2\/posts\/41735\/revisions"}],"wp:featuredmedia":[{"embeddable":true,"href":"https:\/\/www.radiopresidenteibanez.cl\/web\/wp-json\/wp\/v2\/media\/41736"}],"wp:attachment":[{"href":"https:\/\/www.radiopresidenteibanez.cl\/web\/wp-json\/wp\/v2\/media?parent=41735"}],"wp:term":[{"taxonomy":"category","embeddable":true,"href":"https:\/\/www.radiopresidenteibanez.cl\/web\/wp-json\/wp\/v2\/categories?post=41735"},{"taxonomy":"post_tag","embeddable":true,"href":"https:\/\/www.radiopresidenteibanez.cl\/web\/wp-json\/wp\/v2\/tags?post=41735"}],"curies":[{"name":"wp","href":"https:\/\/api.w.org\/{rel}","templated":true}]}}