{"id":41732,"date":"2023-08-02T10:17:00","date_gmt":"2023-08-02T13:17:00","guid":{"rendered":"https:\/\/www.radiopresidenteibanez.cl\/web\/?p=41732"},"modified":"2023-08-02T09:34:10","modified_gmt":"2023-08-02T12:34:10","slug":"cacique-mulato-la-leyenda-de-chumjaluwun-seleccionada-para-festival-internacional-en-suiza","status":"publish","type":"post","link":"https:\/\/www.radiopresidenteibanez.cl\/web\/cacique-mulato-la-leyenda-de-chumjaluwun-seleccionada-para-festival-internacional-en-suiza\/","title":{"rendered":"\u201cCACIQUE MULATO, LA LEYENDA DE CHUMJALUWUN\u201d SELECCIONADA PARA FESTIVAL INTERNACIONAL EN SUIZA"},"content":{"rendered":"\n<p>La producci\u00f3n de la pel\u00edcula \u201cCacique Mulato, la leyenda de Chumjaluwun\u201d recibi\u00f3 la noticia de que la pel\u00edcula qued\u00f3 en la selecci\u00f3n oficial del festival ETHNOKINO FILM FESTIVAL, que se realizar\u00e1 en Berna, Suiza y que tambi\u00e9n tendr\u00e1 versiones &nbsp;en el 2023 en &nbsp;Ciudad de M\u00e9xico y Estambul).<\/p>\n\n\n\n<p>La pel\u00edcula est\u00e1 programada para su exhibici\u00f3n en el festival de cine el 29 de septiembre a las 15.00 horas en la ciudad de Berna, Suiza. De acuerdo a la programaci\u00f3n que recibi\u00f3 el equipo realizador, es la \u00fanica producci\u00f3n nacional en el festival que cuenta con producciones de M\u00e9xico, China, Brasil, Alemania, Austria, Cuba, Turqu\u00eda, entre otros pa\u00edses.<\/p>\n\n\n\n<p>La Dra. Eda Elif T\u00edbet en nombre de la comisi\u00f3n del festival se\u00f1al\u00f3 \u201cCada pel\u00edcula que llega a EthnoKino y cada cineasta que asiste al festival recibe un premio de reconocimiento, ya que su pel\u00edcula logr\u00f3 superar cientos y cientos de presentaciones.\u201d<\/p>\n\n\n\n<p>La comisi\u00f3n de festival invit\u00f3 al director Jorge Grez, al productor Francisco D\u00edaz y a la guionista Maritza Romero para que asistan al festival y &nbsp;formen parte de algunas mesas redondas de discusi\u00f3n de di\u00e1logos adem\u00e1s de tener una sesi\u00f3n de preguntas y respuestas despu\u00e9s de la proyecci\u00f3n.<\/p>\n\n\n\n<p>La carta invitaci\u00f3n se\u00f1ala, la pel\u00edcula \u201cCacique Mulato, La Leyenda de Chumjaluwun\u201d ha sido destacada por nuestro &nbsp;comit\u00e9 de miembros del jurado &nbsp;formado por profesores y expertos en medios.<\/p>\n\n\n\n<p>Con este reconocimiento la pel\u00edcula regional ya suma dos laureles, el primero fue el de la selecci\u00f3n oficial del festival binacional CINEENGRANDE y el premio de la \u201cMenci\u00f3n Honrosa a la producci\u00f3n\u201d<\/p>\n","protected":false},"excerpt":{"rendered":"<p>La producci\u00f3n de la pel\u00edcula \u201cCacique Mulato, la leyenda de Chumjaluwun\u201d recibi\u00f3 la noticia de que la pel\u00edcula qued\u00f3 en la selecci\u00f3n oficial del festival ETHNOKINO FILM FESTIVAL, que se&#8230; <a class=\"read-more\" href=\"https:\/\/www.radiopresidenteibanez.cl\/web\/cacique-mulato-la-leyenda-de-chumjaluwun-seleccionada-para-festival-internacional-en-suiza\/\">Leer m\u00e1s<\/a><\/p>\n","protected":false},"author":2,"featured_media":41733,"comment_status":"closed","ping_status":"closed","sticky":false,"template":"","format":"standard","meta":{"footnotes":""},"categories":[1],"tags":[],"class_list":["post-41732","post","type-post","status-publish","format-standard","has-post-thumbnail","hentry","category-cronica"],"_links":{"self":[{"href":"https:\/\/www.radiopresidenteibanez.cl\/web\/wp-json\/wp\/v2\/posts\/41732","targetHints":{"allow":["GET"]}}],"collection":[{"href":"https:\/\/www.radiopresidenteibanez.cl\/web\/wp-json\/wp\/v2\/posts"}],"about":[{"href":"https:\/\/www.radiopresidenteibanez.cl\/web\/wp-json\/wp\/v2\/types\/post"}],"author":[{"embeddable":true,"href":"https:\/\/www.radiopresidenteibanez.cl\/web\/wp-json\/wp\/v2\/users\/2"}],"replies":[{"embeddable":true,"href":"https:\/\/www.radiopresidenteibanez.cl\/web\/wp-json\/wp\/v2\/comments?post=41732"}],"version-history":[{"count":0,"href":"https:\/\/www.radiopresidenteibanez.cl\/web\/wp-json\/wp\/v2\/posts\/41732\/revisions"}],"wp:featuredmedia":[{"embeddable":true,"href":"https:\/\/www.radiopresidenteibanez.cl\/web\/wp-json\/wp\/v2\/media\/41733"}],"wp:attachment":[{"href":"https:\/\/www.radiopresidenteibanez.cl\/web\/wp-json\/wp\/v2\/media?parent=41732"}],"wp:term":[{"taxonomy":"category","embeddable":true,"href":"https:\/\/www.radiopresidenteibanez.cl\/web\/wp-json\/wp\/v2\/categories?post=41732"},{"taxonomy":"post_tag","embeddable":true,"href":"https:\/\/www.radiopresidenteibanez.cl\/web\/wp-json\/wp\/v2\/tags?post=41732"}],"curies":[{"name":"wp","href":"https:\/\/api.w.org\/{rel}","templated":true}]}}