{"id":4173,"date":"2019-05-14T14:37:44","date_gmt":"2019-05-14T14:37:44","guid":{"rendered":"http:\/\/www.radiopresidenteibanez.cl\/web\/?p=4173"},"modified":"2019-05-14T14:38:10","modified_gmt":"2019-05-14T14:38:10","slug":"historia-de-don-luis-aguilar-que-opera-bajo-teletrabajo-emociono-a-companeros-de-central-de-carnes","status":"publish","type":"post","link":"https:\/\/www.radiopresidenteibanez.cl\/web\/historia-de-don-luis-aguilar-que-opera-bajo-teletrabajo-emociono-a-companeros-de-central-de-carnes\/","title":{"rendered":"HISTORIA DE DON LUIS AGUILAR QUE OPERA BAJO TELETRABAJO EMOCION\u00d3 A COMPA\u00d1EROS DE CENTRAL DE CARNES"},"content":{"rendered":"\n<p>La oportunidad que\npuede otorgar una empresa a trav\u00e9s de alternativas diferentes de empleo \u2013como\nes el llamado teletrabajo- es lo que actualmente est\u00e1 promoviendo el gobierno,\na trav\u00e9s de la historia de don Luis Aguilar Ruiz, trabajador contratado por la\nempresa Central de Carnes, quien presenta una tetraplej\u00eda producto de un grave\naccidente dom\u00e9stico sufrido hace poco m\u00e1s de dos d\u00e9cadas y hoy opera bajo esta\nmodalidad de trabajo a distancia, elaborando el etiquetado de los productos que\nvende el supermercado.<\/p>\n\n\n\n<p>As\u00ed lo se\u00f1al\u00f3 la\nSeremi del Trabajo, Victoria Cort\u00e9s Schiattino, quien junto al Instituto de\nSeguridad Laboral (ISL) de Magallanes, coordin\u00f3 una visita a la casa de don\nLuis para conocer su historia de vida y la forma en que realiza sus funciones\ndesde su hogar, con apoyo de la tecnolog\u00eda. Todo esto en compa\u00f1\u00eda del\nsubsecretario del Trabajo, Fernando Arab, quien se encontraba de visita en la\nzona. <\/p>\n\n\n\n<p>Su testimonio emocion\u00f3\nno s\u00f3lo a las autoridades presentes, sino tambi\u00e9n a los compa\u00f1eros de trabajo,\na la gerencia de la Central de Carnes, e incluso, a los propios familiares de\ndon Luis, quienes han visto el empuje y sacrificio de un trabajador que ha\nlogrado salir adelante junto a su familia. <\/p>\n\n\n\n<p>Para el subsecretario,\nel relato de don Luis es un ejemplo para demostrar la importancia de impulsar\niniciativas de Teletrabajo desde el Estado. \u201cEl teletrabajo es un tipo de\nempleo moderno, inclusivo y sustentable. Es moderno, porque permite que bajo el\nuso de las nuevas tecnolog\u00edas que tenemos hoy personas como don Luis puedan\ntrabajar a distancia. Es inclusivo, porque si no fuera por el teletrabajo, don\nLuis a lo mejor, lamentablemente no podr\u00eda estar desempe\u00f1ando esta tarea y es\nsustentable, porque nos ayuda a descontaminar, a descongestionar las ciudades y\nes amigable con el medio ambiente (\u2026) nosotros queremos que m\u00e1s trabajadores\npuedan tener acceso a esta posibilidad privilegiada que tiene don Luis de poder\nincorporarse a la fuerza de trabajo a trav\u00e9s de una figura como el Teletrabajo.\nHoy d\u00eda tenemos un proyecto en el congreso que est\u00e1 en segundo tr\u00e1mite y\nesperamos que pueda seguir avanzando\u201d, expres\u00f3. <\/p>\n\n\n\n<p>Por su parte, refrendando\nestas palabras, la secretaria regional del Trabajo se\u00f1al\u00f3 que \u201ceste es el tipo\nde ejemplos que queremos promover, de inclusi\u00f3n verdadera y de calidad en el\nempleo. El testimonio de don Luis nos deja felices porque sabemos que el camino\nque hemos emprendido, es el correcto\u201d.<\/p>\n\n\n\n<p>Tras conocer a don\nLuis en su hogar, donde mostr\u00f3 a todos que es capaz de imprimir m\u00e1s de 14 mil\netiquetas semanales, el trabajador, acompa\u00f1ado por su familia, supervisores y\nautoridades fue trasladado hasta las dependencias del supermercado Central de\nCarnes con apoyo de la ambulancia del Centro de Rehabilitaci\u00f3n Club de Leones\nCruz del Sur, donde fue recibido, en medio de aplausos, por sus compa\u00f1eros de\ntrabajo.<\/p>\n\n\n\n<p>Consultado sobre la\noportunidad que le ha otorgado el teletrabajo para reinsertarse en el mercado\nlaboral, don Luis se\u00f1al\u00f3 que esta oportunidad no es s\u00f3lo econ\u00f3mica, sino que\n\u201cen primer lugar, es autoestima, es valoraci\u00f3n, y adem\u00e1s cubre una gran\nnecesidad que yo ten\u00eda de tener un ingreso fijo, con un contrato de trabajo que\nme signifique no estar pensando c\u00f3mo llegar a fin de mes para cubrir\nnecesidades (\u2026) esto es algo que me deja tranquilo cada mes. Es realmente\nnecesario que esto se ampl\u00ede a muchas m\u00e1s personas, es una excelente iniciativa\nla que est\u00e1 tomando el gobierno, porque no solamente hay que acordarse de la\ngente discapacitada una vez al a\u00f1o, sino que, tenemos que pasar a formar parte\nde la fuerza laboral de Chile como cualquier persona\u201d.<\/p>\n\n\n\n<p>Tras recorrer el\nsupermercado y conocer el fruto de su labor, don Luis estuvo acompa\u00f1ado por\nautoridades como la Seremi de Gobierno, Alejandra Mu\u00f1oz; la Seremi de Econom\u00eda,\nNatalia Easton; la Seremi de Hacienda, Lil Garc\u00e9s; y el director regional del\nISL, Marcelo Trivi\u00f1o, junto a quienes recorri\u00f3 los pasillos, encontr\u00e1ndose con compa\u00f1eros\ny consumidores felices de conocer el responsable de las etiquetas que leen,\nsorprendido de ver que cada vez son m\u00e1s las personas que prestan atenci\u00f3n al\netiquetado de los productos.<\/p>\n\n\n\n<p>En el lugar, fue\nrecibido, adem\u00e1s, por el gerente de la Central de Carnes, Francisco Cresp,\nquien acompa\u00f1\u00f3 parte del recorrido. \u201cCreo que esta visita ha sido muy buena.\nNosotros, como empresa, siempre estamos tratando de que la gente nuestra est\u00e9\ncontenta, que trabaje feliz y para eso, la idea es que se sientan integrados y\ndemostrando que su trabajo sirve y ese fue el concepto que se nos ocurri\u00f3\naplicar con don Luis y hasta el momento ha sido un \u00e9xito porque si lo ven, \u00e9l\nest\u00e1 muy contento, est\u00e1 integrado y nosotros tambi\u00e9n estamos felices con su\ntrabajo, as\u00ed que es la f\u00f3rmula perfecta\u201d.<\/p>\n\n\n\n<p>Recordar que el proyecto de teletrabajo, ingresado el a\u00f1o 2018 al Congreso, se encuentra actualmente en discusi\u00f3n, en su segundo tr\u00e1mite, por lo que el gobierno espera poder avanzar en su tramitaci\u00f3n a fin de ver esta propuesta como una realidad en todo el pa\u00eds.<\/p>\n\n\n\n<figure class=\"wp-block-image\"><img loading=\"lazy\" decoding=\"async\" width=\"1024\" height=\"768\" src=\"https:\/\/www.radiopresidenteibanez.cl\/web\/wp-content\/uploads\/2019\/05\/IMG_018-1024x768.jpg\" alt=\"\" class=\"wp-image-4174\" srcset=\"https:\/\/www.radiopresidenteibanez.cl\/web\/wp-content\/uploads\/2019\/05\/IMG_018.jpg 1024w, https:\/\/www.radiopresidenteibanez.cl\/web\/wp-content\/uploads\/2019\/05\/IMG_018-300x225.jpg 300w, https:\/\/www.radiopresidenteibanez.cl\/web\/wp-content\/uploads\/2019\/05\/IMG_018-768x576.jpg 768w\" sizes=\"auto, (max-width: 1024px) 100vw, 1024px\" \/><\/figure>\n","protected":false},"excerpt":{"rendered":"<p>La oportunidad que puede otorgar una empresa a trav\u00e9s de alternativas diferentes de empleo \u2013como es el llamado teletrabajo- es lo que actualmente est\u00e1 promoviendo el gobierno, a trav\u00e9s de&#8230; <a class=\"read-more\" href=\"https:\/\/www.radiopresidenteibanez.cl\/web\/historia-de-don-luis-aguilar-que-opera-bajo-teletrabajo-emociono-a-companeros-de-central-de-carnes\/\">Leer m\u00e1s<\/a><\/p>\n","protected":false},"author":2,"featured_media":4174,"comment_status":"closed","ping_status":"closed","sticky":false,"template":"","format":"standard","meta":{"footnotes":""},"categories":[1],"tags":[],"class_list":["post-4173","post","type-post","status-publish","format-standard","has-post-thumbnail","hentry","category-cronica"],"_links":{"self":[{"href":"https:\/\/www.radiopresidenteibanez.cl\/web\/wp-json\/wp\/v2\/posts\/4173","targetHints":{"allow":["GET"]}}],"collection":[{"href":"https:\/\/www.radiopresidenteibanez.cl\/web\/wp-json\/wp\/v2\/posts"}],"about":[{"href":"https:\/\/www.radiopresidenteibanez.cl\/web\/wp-json\/wp\/v2\/types\/post"}],"author":[{"embeddable":true,"href":"https:\/\/www.radiopresidenteibanez.cl\/web\/wp-json\/wp\/v2\/users\/2"}],"replies":[{"embeddable":true,"href":"https:\/\/www.radiopresidenteibanez.cl\/web\/wp-json\/wp\/v2\/comments?post=4173"}],"version-history":[{"count":0,"href":"https:\/\/www.radiopresidenteibanez.cl\/web\/wp-json\/wp\/v2\/posts\/4173\/revisions"}],"wp:featuredmedia":[{"embeddable":true,"href":"https:\/\/www.radiopresidenteibanez.cl\/web\/wp-json\/wp\/v2\/media\/4174"}],"wp:attachment":[{"href":"https:\/\/www.radiopresidenteibanez.cl\/web\/wp-json\/wp\/v2\/media?parent=4173"}],"wp:term":[{"taxonomy":"category","embeddable":true,"href":"https:\/\/www.radiopresidenteibanez.cl\/web\/wp-json\/wp\/v2\/categories?post=4173"},{"taxonomy":"post_tag","embeddable":true,"href":"https:\/\/www.radiopresidenteibanez.cl\/web\/wp-json\/wp\/v2\/tags?post=4173"}],"curies":[{"name":"wp","href":"https:\/\/api.w.org\/{rel}","templated":true}]}}