{"id":41710,"date":"2023-08-01T12:47:00","date_gmt":"2023-08-01T15:47:00","guid":{"rendered":"https:\/\/www.radiopresidenteibanez.cl\/web\/?p=41710"},"modified":"2023-08-01T10:46:22","modified_gmt":"2023-08-01T13:46:22","slug":"empresa-portuaria-austral-celebra-25-anos-conectando-a-magallanes","status":"publish","type":"post","link":"https:\/\/www.radiopresidenteibanez.cl\/web\/empresa-portuaria-austral-celebra-25-anos-conectando-a-magallanes\/","title":{"rendered":"EMPRESA PORTUARIA AUSTRAL CELEBRA 25 A\u00d1OS CONECTANDO A MAGALLANES"},"content":{"rendered":"\n<p>Este 1\u00b0 de agosto la Empresa Portuaria Austral celebra 25 a\u00f1os desde su creaci\u00f3n, a trav\u00e9s de la Ley 19.542, que moderniz\u00f3 el sistema portuario en Chile y estableci\u00f3 otras nueve empresas a lo largo del pa\u00eds.<\/p>\n\n\n\n<p>En este cuarto de siglo de existencia, Epaustral se ha posicionado como un actor clave en el desarrollo mar\u00edtimo portuario de la Regi\u00f3n de Magallanes y Ant\u00e1rtica Chilena, a trav\u00e9s de la administraci\u00f3n de dos terminales en Punta Arenas y uno en Puerto Natales, contribuyendo con su gesti\u00f3n a mantener el abastecimiento en la zona, as\u00ed como su conexi\u00f3n con el resto del pa\u00eds y el mundo. Asimismo, a trav\u00e9s de un convenio con la Armada de Chile, presta servicios a las embarcaciones tur\u00edsticas que arriban durante la temporada de cruceros al Muelle Guardi\u00e1n Brito de Puerto Williams.<\/p>\n\n\n\n<p>Paralelamente, a trav\u00e9s del convenio vigente entre la Direcci\u00f3n de Obras Portuarias del Ministerio de Obras P\u00fablicas y el Ministerio de Transporte y Telecomunicaciones, la empresa administra un sistema de siete rampas de conectividad entre Puerto Ed\u00e9n y Puerto Williams, manteniendo as\u00ed presencia en las cuatro provincias de la regi\u00f3n y contribuyendo a la cadena log\u00edstica y de abastecimiento de aquellos lugares m\u00e1s alejados.<\/p>\n\n\n\n<p><strong>Proyectos y desaf\u00edos<\/strong><\/p>\n\n\n\n<p>En el marco de la celebraci\u00f3n de este aniversario, el presidente del Directorio de la Empresa Portuaria Austral, Gabriel Aldoney Vargas, expres\u00f3 que \u201clos \u00faltimos a\u00f1os fueron especialmente desafiantes y, gracias al compromiso y profesionalismo de nuestro equipo, no solo logramos posicionar los puertos de la regi\u00f3n como puntos de arribo confiables y seguros a nivel internacional, sino que tambi\u00e9n obtuvimos los mejores resultados en la historia de Epaustral. Asimismo, iniciamos la ejecuci\u00f3n del Mandato Estrat\u00e9gico 2022-2026, actualizado en un proceso liderado por el Directorio en estrecha colaboraci\u00f3n con el equipo de trabajadores, para establecer las prioridades y \u00e9nfasis que contribuyan al desarrollo econ\u00f3mico de la regi\u00f3n\u00bb.<\/p>\n\n\n\n<p>Respecto de las proyecciones futuras, Gabriel Aldoney enfatiz\u00f3 que \u00abestamos empe\u00f1ados en facilitar los procesos log\u00edsticos de aquellas actividades que demandan servicios relacionados con el transporte mar\u00edtimo desde y hacia la regi\u00f3n, pues queremos ser un agente activo en la proyecci\u00f3n del pa\u00eds hacia la Ant\u00e1rtica, as\u00ed como en el desarrollo de la industria de cruceros, la conectividad inter e intrarregional y el surgimiento de nuevas iniciativas, tales como el desarrollo de la industria de Hidr\u00f3geno Verde. De igual manera, queremos consolidar una vinculaci\u00f3n virtuosa con la ciudadan\u00eda, logrando que nuestra actividad sea un factor de desarrollo y se relacione arm\u00f3nicamente con la ciudad\u00bb.<\/p>\n\n\n\n<p>Por su parte, el gerente general de la empresa, Rodrigo Pommiez Aravena, agreg\u00f3 que \u201cestamos plenamente conscientes de nuestro rol estrat\u00e9gico, pues comprendemos que el quehacer de Epaustral genera un impacto transversal en la econom\u00eda regional. Por ello, asumimos con responsabilidad la tarea de garantizar el abastecimiento y conectividad, tanto al interior de la regi\u00f3n, como de ella con el resto del pa\u00eds y del mundo. Nuestro equipo est\u00e1 comprometido en mantener nuestra gesti\u00f3n y operaciones a la altura de los requerimientos de la industria, as\u00ed como en propiciar la articulaci\u00f3n con actores vinculados con el desarrollo de la regi\u00f3n, pues reconocemos su importancia estrat\u00e9gica y geopol\u00edtica para el pa\u00eds\u00bb.<\/p>\n","protected":false},"excerpt":{"rendered":"<p>Este 1\u00b0 de agosto la Empresa Portuaria Austral celebra 25 a\u00f1os desde su creaci\u00f3n, a trav\u00e9s de la Ley 19.542, que moderniz\u00f3 el sistema portuario en Chile y estableci\u00f3 otras&#8230; <a class=\"read-more\" href=\"https:\/\/www.radiopresidenteibanez.cl\/web\/empresa-portuaria-austral-celebra-25-anos-conectando-a-magallanes\/\">Leer m\u00e1s<\/a><\/p>\n","protected":false},"author":2,"featured_media":41711,"comment_status":"closed","ping_status":"closed","sticky":false,"template":"","format":"standard","meta":{"footnotes":""},"categories":[1],"tags":[],"class_list":["post-41710","post","type-post","status-publish","format-standard","has-post-thumbnail","hentry","category-cronica"],"_links":{"self":[{"href":"https:\/\/www.radiopresidenteibanez.cl\/web\/wp-json\/wp\/v2\/posts\/41710","targetHints":{"allow":["GET"]}}],"collection":[{"href":"https:\/\/www.radiopresidenteibanez.cl\/web\/wp-json\/wp\/v2\/posts"}],"about":[{"href":"https:\/\/www.radiopresidenteibanez.cl\/web\/wp-json\/wp\/v2\/types\/post"}],"author":[{"embeddable":true,"href":"https:\/\/www.radiopresidenteibanez.cl\/web\/wp-json\/wp\/v2\/users\/2"}],"replies":[{"embeddable":true,"href":"https:\/\/www.radiopresidenteibanez.cl\/web\/wp-json\/wp\/v2\/comments?post=41710"}],"version-history":[{"count":0,"href":"https:\/\/www.radiopresidenteibanez.cl\/web\/wp-json\/wp\/v2\/posts\/41710\/revisions"}],"wp:featuredmedia":[{"embeddable":true,"href":"https:\/\/www.radiopresidenteibanez.cl\/web\/wp-json\/wp\/v2\/media\/41711"}],"wp:attachment":[{"href":"https:\/\/www.radiopresidenteibanez.cl\/web\/wp-json\/wp\/v2\/media?parent=41710"}],"wp:term":[{"taxonomy":"category","embeddable":true,"href":"https:\/\/www.radiopresidenteibanez.cl\/web\/wp-json\/wp\/v2\/categories?post=41710"},{"taxonomy":"post_tag","embeddable":true,"href":"https:\/\/www.radiopresidenteibanez.cl\/web\/wp-json\/wp\/v2\/tags?post=41710"}],"curies":[{"name":"wp","href":"https:\/\/api.w.org\/{rel}","templated":true}]}}