{"id":41707,"date":"2023-08-01T11:19:00","date_gmt":"2023-08-01T14:19:00","guid":{"rendered":"https:\/\/www.radiopresidenteibanez.cl\/web\/?p=41707"},"modified":"2023-08-01T10:24:56","modified_gmt":"2023-08-01T13:24:56","slug":"agosto-mes-de-la-juventud","status":"publish","type":"post","link":"https:\/\/www.radiopresidenteibanez.cl\/web\/agosto-mes-de-la-juventud\/","title":{"rendered":"AGOSTO MES DE LA JUVENTUD"},"content":{"rendered":"\n<p>En el marco de la conmemoraci\u00f3n del mes de las Juventudes, que se celebra en agosto, la direcci\u00f3n regional del Instituto Nacional de la Juventud (INJUV) de Magallanes dio a conocer las actividades que se realizar\u00e1n\u00a0orientadas al p\u00fablico joven.<\/p>\n\n\n\n<p>Dentro de las actividades se encuentra&nbsp;el concurso denominado \u201cJuventudes que Impactan\u201d, con la finalidad de reconocer a una o un joven destacado de la comunidad magall\u00e1nica. Hasta el 3 de agosto, la ciudadan\u00eda podr\u00e1 realizar la votaci\u00f3n online, v\u00eda Instagram (@injuvmagallanes), para elegir al candidato\/a que mejor represente a este grupo etario.<\/p>\n\n\n\n<p>El viernes 11 de agosto, a las 10:00 horas, se realizar\u00e1 una ceremonia en el Auditorio Ernesto Livacic de la Universidad de Magallanes (UMAG), para reconocer a 8 j\u00f3venes destacados de Punta Arenas por su liderazgo y aporte en las \u00e1reas de deporte, cultura, emprendimiento, diversidades sexo gen\u00e9ricas, social-territorial y voluntariado.<\/p>\n\n\n\n<p>El s\u00e1bado 12 de agosto, desde las 14:30 se llevar\u00e1 a cabo la \u201cExpo Juventudes\u201d, en la Universidad de Magallanes, espacio art\u00edstico \u2013 cultural donde los j\u00f3venes podr\u00e1n ver presentaciones de break dance, k-pop, entre otros.<\/p>\n\n\n\n<p>El 22 de agosto, se efectuar\u00e1 un operativo de testeo de VIH junto a la Seremi de Salud de Magallanes, a contar de las 15:00 horas en dependencias del INJUV (Lautaro Navarro 631, Punta Arenas). Este operativo es confidencial, voluntario y gratuito.<\/p>\n\n\n\n<p><strong>Datos de contexto:<\/strong><\/p>\n\n\n\n<p>En 1999 la Asamblea General de las Naciones Unidas design\u00f3 el 12 de agosto como el D\u00eda Internacional de la Juventud, como una forma de promover el rol de las juventudes como agentes esenciales en los procesos de cambio.<\/p>\n\n\n\n<p>En Magallanes la poblaci\u00f3n joven alcanza las 37 mil personas. Existe mayor proporci\u00f3n de hombres (53%), como de j\u00f3venes de mayor edad (entre 25 y 29 a\u00f1os).<\/p>\n","protected":false},"excerpt":{"rendered":"<p>En el marco de la conmemoraci\u00f3n del mes de las Juventudes, que se celebra en agosto, la direcci\u00f3n regional del Instituto Nacional de la Juventud (INJUV) de Magallanes dio a&#8230; <a class=\"read-more\" href=\"https:\/\/www.radiopresidenteibanez.cl\/web\/agosto-mes-de-la-juventud\/\">Leer m\u00e1s<\/a><\/p>\n","protected":false},"author":2,"featured_media":41708,"comment_status":"closed","ping_status":"closed","sticky":false,"template":"","format":"standard","meta":{"footnotes":""},"categories":[1],"tags":[],"class_list":["post-41707","post","type-post","status-publish","format-standard","has-post-thumbnail","hentry","category-cronica"],"_links":{"self":[{"href":"https:\/\/www.radiopresidenteibanez.cl\/web\/wp-json\/wp\/v2\/posts\/41707","targetHints":{"allow":["GET"]}}],"collection":[{"href":"https:\/\/www.radiopresidenteibanez.cl\/web\/wp-json\/wp\/v2\/posts"}],"about":[{"href":"https:\/\/www.radiopresidenteibanez.cl\/web\/wp-json\/wp\/v2\/types\/post"}],"author":[{"embeddable":true,"href":"https:\/\/www.radiopresidenteibanez.cl\/web\/wp-json\/wp\/v2\/users\/2"}],"replies":[{"embeddable":true,"href":"https:\/\/www.radiopresidenteibanez.cl\/web\/wp-json\/wp\/v2\/comments?post=41707"}],"version-history":[{"count":0,"href":"https:\/\/www.radiopresidenteibanez.cl\/web\/wp-json\/wp\/v2\/posts\/41707\/revisions"}],"wp:featuredmedia":[{"embeddable":true,"href":"https:\/\/www.radiopresidenteibanez.cl\/web\/wp-json\/wp\/v2\/media\/41708"}],"wp:attachment":[{"href":"https:\/\/www.radiopresidenteibanez.cl\/web\/wp-json\/wp\/v2\/media?parent=41707"}],"wp:term":[{"taxonomy":"category","embeddable":true,"href":"https:\/\/www.radiopresidenteibanez.cl\/web\/wp-json\/wp\/v2\/categories?post=41707"},{"taxonomy":"post_tag","embeddable":true,"href":"https:\/\/www.radiopresidenteibanez.cl\/web\/wp-json\/wp\/v2\/tags?post=41707"}],"curies":[{"name":"wp","href":"https:\/\/api.w.org\/{rel}","templated":true}]}}