{"id":4170,"date":"2019-05-14T14:31:51","date_gmt":"2019-05-14T14:31:51","guid":{"rendered":"http:\/\/www.radiopresidenteibanez.cl\/web\/?p=4170"},"modified":"2019-05-14T14:32:29","modified_gmt":"2019-05-14T14:32:29","slug":"campana-cambia-el-foco-entrego-luces-led-a-comunidad-educativa-de-escuela-villa-las-nieves","status":"publish","type":"post","link":"https:\/\/www.radiopresidenteibanez.cl\/web\/campana-cambia-el-foco-entrego-luces-led-a-comunidad-educativa-de-escuela-villa-las-nieves\/","title":{"rendered":"CAMPA\u00d1A \u201cCAMBIA EL FOCO\u201d ENTREG\u00d3 LUCES LED A COMUNIDAD EDUCATIVA DE ESCUELA VILLA LAS NIEVES"},"content":{"rendered":"\n<p>Ante una treintena de ni\u00f1os y miembros de la comunidad escolar de la Escuela Villa Las Nieves de Punta Arenas, el Seremi de Energ\u00eda de Magallanes,&nbsp;<strong>Nolberto S\u00e1ez<\/strong>, acompa\u00f1ado por el alcalde de Punta Arenas,&nbsp;<strong>Claudio Radonich<\/strong>, encabezaron la primera entrega en la regi\u00f3n de luces LED en el marco de la campa\u00f1a&nbsp;<strong>\u201cCambia el Foco\u201d.<\/strong><\/p>\n\n\n\n<p>La iniciativa est\u00e1 centrada en la promoci\u00f3n y desarrollo de una cultura escolar de uso eficiente de la energ\u00eda, con \u00e9nfasis en la iluminaci\u00f3n LED.<\/p>\n\n\n\n<p>La campa\u00f1a que, durante 2018 benefici\u00f3 a 73.000 familias y sus comunidades escolares en todo el pa\u00eds, est\u00e1 generando una disminuci\u00f3n de mil (1000) toneladas de CO2 al a\u00f1o. &nbsp;<\/p>\n\n\n\n<p>El programa, liderado por el ministerio de Energ\u00eda, es ejecutado por Fundaci\u00f3n Chile y, forma parte de la iniciativa mundial Enlighten que se ha implementado ya en 65 pa\u00edses.<\/p>\n\n\n\n<p>\u201cEl Gobierno del Presidente Sebasti\u00e1n Pi\u00f1era est\u00e1 impulsando fuertemente la eficiencia energ\u00e9tica, por lo cual la ministra Susana Jim\u00e9nez ya ingres\u00f3 al Congreso un proyecto de ley \u2013aprobado en general por el Senado-, que busca promoverla en los distintos consumidores. En este sentido, es clave generar un cambio cultural, que debe comenzar con los m\u00e1s peque\u00f1os. Ellos pueden ser nuestros embajadores en el buen cuidado de la energ\u00eda en sus familias, barrios y comunidad, y campa\u00f1as como \u201cCambia el Foco\u201d, sin duda son un gran aporte en esta direcci\u00f3n\u201d, afirm\u00f3 el Seremi de Energ\u00eda, Nolberto S\u00e1ez.<\/p>\n\n\n\n<p><strong>PROTAGONISTAS DEL CAMBIO<\/strong><\/p>\n\n\n\n<p>S\u00e1ez aprovech\u00f3 de elogiar a la comunidad escolar y la calific\u00f3 como \u201cun ejemplo de compromiso con el cuidado del medio ambiente y el uso eficiente de la energ\u00eda\u201d.<\/p>\n\n\n\n<p>De hecho, la profesora del curso que recibi\u00f3 los primeros kits, Marcia Vel\u00e1squez, cont\u00f3 que la caja de cart\u00f3n donde vienen las ampolletas LED ser\u00e1 reciclado.<\/p>\n\n\n\n<p>En tanto, el jefe comunal de Punta Arenas, Claudio Radonich, tambi\u00e9n destac\u00f3 la entrega de luminaria eficiente, porque estas luces que hoy se entregan \u201cvan para la comunidad escolar completa. Y esto no es solamente ahorro de la energ\u00eda, sino adem\u00e1s, de plata. \u00bfPor qu\u00e9 se ha seleccionado a este colegio? Porque ha sido l\u00edder en crear conciencia ecol\u00f3gica y cuidado del medio ambiente, lo cual es su sello. Un pa\u00eds desarrollado no es el que gasta m\u00e1s energ\u00eda, sino el m\u00e1s inteligente para poder ocuparla\u201d, precis\u00f3 la autoridad comunal.<\/p>\n\n\n\n<p>Una de las protagonistas del cambio fue Digna Agudo, Forjadora Ambiental de sexto b\u00e1sico, quien dijo sentirse feliz con la entrega de luminarias LED \u201cporque es un incentivo para cuidar el planeta. Me parece muy bueno que se haga esto. Dar\u00e9 lo mejor de m\u00ed para representar al colegio en la tarea de proteger nuestro entorno\u201d. &nbsp;&nbsp;&nbsp;<\/p>\n\n\n\n<p>Asimismo, el director de la escuela beneficiada, Jorge Cabezas, valor\u00f3 la idea de incorporar a toda la comunidad escolar, lo cual, \u201cvenimos haciendo desde el 2003, generaci\u00f3n tras generaci\u00f3n. Aunque nos falta por hacer, hemos conseguido importantes logros, tales como constituir, desde nuestro seno, la agrupaci\u00f3n ecol\u00f3gica que protege el Humedal Tres Puentes; iniciativa de vecinos de la escuela. Creemos que como comunidad educativa, hemos aportado a la creaci\u00f3n de una conciencia ecol\u00f3gica en la comuna\u201d, dijo Cabezas. &nbsp;<\/p>\n\n\n\n<p>Para esta semana y la pr\u00f3xima, se har\u00e1n nuevas entregas en las Provincias de \u00daltima Esperanza y de Tierra del Fuego.<\/p>\n\n\n\n<figure class=\"wp-block-image\"><img loading=\"lazy\" decoding=\"async\" width=\"900\" height=\"600\" src=\"https:\/\/www.radiopresidenteibanez.cl\/web\/wp-content\/uploads\/2019\/05\/FOTO-CAMBIA-EL-FOCO-ESCUELA-VILLA-LAS-NIEVES.jpg\" alt=\"\" class=\"wp-image-4171\" srcset=\"https:\/\/www.radiopresidenteibanez.cl\/web\/wp-content\/uploads\/2019\/05\/FOTO-CAMBIA-EL-FOCO-ESCUELA-VILLA-LAS-NIEVES.jpg 900w, https:\/\/www.radiopresidenteibanez.cl\/web\/wp-content\/uploads\/2019\/05\/FOTO-CAMBIA-EL-FOCO-ESCUELA-VILLA-LAS-NIEVES-300x200.jpg 300w, https:\/\/www.radiopresidenteibanez.cl\/web\/wp-content\/uploads\/2019\/05\/FOTO-CAMBIA-EL-FOCO-ESCUELA-VILLA-LAS-NIEVES-768x512.jpg 768w\" sizes=\"auto, (max-width: 900px) 100vw, 900px\" \/><\/figure>\n","protected":false},"excerpt":{"rendered":"<p>Ante una treintena de ni\u00f1os y miembros de la comunidad escolar de la Escuela Villa Las Nieves de Punta Arenas, el Seremi de Energ\u00eda de Magallanes,&nbsp;Nolberto S\u00e1ez, acompa\u00f1ado por el&#8230; <a class=\"read-more\" href=\"https:\/\/www.radiopresidenteibanez.cl\/web\/campana-cambia-el-foco-entrego-luces-led-a-comunidad-educativa-de-escuela-villa-las-nieves\/\">Leer m\u00e1s<\/a><\/p>\n","protected":false},"author":2,"featured_media":4171,"comment_status":"closed","ping_status":"closed","sticky":false,"template":"","format":"standard","meta":{"footnotes":""},"categories":[1],"tags":[],"class_list":["post-4170","post","type-post","status-publish","format-standard","has-post-thumbnail","hentry","category-cronica"],"_links":{"self":[{"href":"https:\/\/www.radiopresidenteibanez.cl\/web\/wp-json\/wp\/v2\/posts\/4170","targetHints":{"allow":["GET"]}}],"collection":[{"href":"https:\/\/www.radiopresidenteibanez.cl\/web\/wp-json\/wp\/v2\/posts"}],"about":[{"href":"https:\/\/www.radiopresidenteibanez.cl\/web\/wp-json\/wp\/v2\/types\/post"}],"author":[{"embeddable":true,"href":"https:\/\/www.radiopresidenteibanez.cl\/web\/wp-json\/wp\/v2\/users\/2"}],"replies":[{"embeddable":true,"href":"https:\/\/www.radiopresidenteibanez.cl\/web\/wp-json\/wp\/v2\/comments?post=4170"}],"version-history":[{"count":0,"href":"https:\/\/www.radiopresidenteibanez.cl\/web\/wp-json\/wp\/v2\/posts\/4170\/revisions"}],"wp:featuredmedia":[{"embeddable":true,"href":"https:\/\/www.radiopresidenteibanez.cl\/web\/wp-json\/wp\/v2\/media\/4171"}],"wp:attachment":[{"href":"https:\/\/www.radiopresidenteibanez.cl\/web\/wp-json\/wp\/v2\/media?parent=4170"}],"wp:term":[{"taxonomy":"category","embeddable":true,"href":"https:\/\/www.radiopresidenteibanez.cl\/web\/wp-json\/wp\/v2\/categories?post=4170"},{"taxonomy":"post_tag","embeddable":true,"href":"https:\/\/www.radiopresidenteibanez.cl\/web\/wp-json\/wp\/v2\/tags?post=4170"}],"curies":[{"name":"wp","href":"https:\/\/api.w.org\/{rel}","templated":true}]}}